{"id":31232,"date":"2021-07-30T15:43:58","date_gmt":"2021-07-30T15:43:58","guid":{"rendered":"https:\/\/armstrongyregion.com.ar\/diario\/?p=31232"},"modified":"2021-07-30T15:46:13","modified_gmt":"2021-07-30T15:46:13","slug":"armstrong-feria-de-colores-y-sabores-2","status":"publish","type":"post","link":"https:\/\/armstrongyregion.com.ar\/diario\/armstrong-feria-de-colores-y-sabores-2\/","title":{"rendered":"Armstrong. Feria de Colores y Sabores."},"content":{"rendered":"\n<figure class=\"wp-block-image size-large\"><img loading=\"lazy\" decoding=\"async\" width=\"588\" height=\"592\" src=\"http:\/\/armstrongyregion.com.ar\/diario\/wp-content\/uploads\/2021\/07\/feria-15-ago-2021.jpg\" alt=\"\" class=\"wp-image-31233\" srcset=\"https:\/\/armstrongyregion.com.ar\/diario\/wp-content\/uploads\/2021\/07\/feria-15-ago-2021.jpg 588w, https:\/\/armstrongyregion.com.ar\/diario\/wp-content\/uploads\/2021\/07\/feria-15-ago-2021-298x300.jpg 298w, https:\/\/armstrongyregion.com.ar\/diario\/wp-content\/uploads\/2021\/07\/feria-15-ago-2021-150x150.jpg 150w\" sizes=\"auto, (max-width: 588px) 100vw, 588px\" \/><\/figure>\n\n\n\n<p>La Municipalidad de Armstrong invita a visitar una nueva jornada de la Feria Sabores y Colores Locales que se realizar\u00e1 el domingo 15 de Agosto desde las 14,30hs. en el paseo artesanal del parque Bracito Fuerte.<\/p>\n\n\n\n<p>Participar\u00e1n una gran cantidad de emprendedores de la\u00a0 ciudad ofreciendo sus productos elaborados artesanalmente,  con\u00a0 stands de panificaci\u00f3n, chocolater\u00eda, bijouterie, cer\u00e1mica, tejidos, jardiner\u00eda, trabajos en madera, metal y telas, dulces, pinturas, entre otros.<\/p>\n\n\n\n<p>Habr\u00e1 sorteos y servicio de buffet. Tambien m\u00fasica del DJ Gamal.<\/p>\n\n\n\n<p> El evento quedar\u00e1 suspendido en caso de lluvia.<\/p>\n","protected":false},"excerpt":{"rendered":"<p>La Municipalidad de Armstrong invita a visitar una nueva jornada de la Feria Sabores y Colores Locales que se realizar\u00e1 el domingo 15 de Agosto desde las 14,30hs. en el paseo artesanal del parque Bracito Fuerte. Participar\u00e1n una gran cantidad de emprendedores de la\u00a0 ciudad ofreciendo sus productos elaborados artesanalmente, con\u00a0 stands de panificaci\u00f3n, chocolater\u00eda, <a href=\"https:\/\/armstrongyregion.com.ar\/diario\/armstrong-feria-de-colores-y-sabores-2\/\" title=\"Read more\" >&#8230;<\/a><\/p>\n","protected":false},"author":1,"featured_media":31233,"comment_status":"open","ping_status":"open","sticky":false,"template":"","format":"image","meta":{"_jetpack_memberships_contains_paid_content":false,"footnotes":"","jetpack_publicize_message":"","jetpack_publicize_feature_enabled":true,"jetpack_social_post_already_shared":true,"jetpack_social_options":{"image_generator_settings":{"template":"highway","default_image_id":0,"enabled":false},"version":2}},"categories":[6,8,1,2,7],"tags":[],"class_list":["post-31232","post","type-post","status-publish","format-image","has-post-thumbnail","hentry","category-cultura-entretenimiento","category-deliberando","category-diario-armstrong","category-locales","category-politica","post_format-post-format-image"],"jetpack_publicize_connections":[],"jetpack_featured_media_url":"https:\/\/armstrongyregion.com.ar\/diario\/wp-content\/uploads\/2021\/07\/feria-15-ago-2021.jpg","jetpack_shortlink":"https:\/\/wp.me\/p62QDO-87K","jetpack_sharing_enabled":true,"amp_enabled":true,"_links":{"self":[{"href":"https:\/\/armstrongyregion.com.ar\/diario\/wp-json\/wp\/v2\/posts\/31232","targetHints":{"allow":["GET"]}}],"collection":[{"href":"https:\/\/armstrongyregion.com.ar\/diario\/wp-json\/wp\/v2\/posts"}],"about":[{"href":"https:\/\/armstrongyregion.com.ar\/diario\/wp-json\/wp\/v2\/types\/post"}],"author":[{"embeddable":true,"href":"https:\/\/armstrongyregion.com.ar\/diario\/wp-json\/wp\/v2\/users\/1"}],"replies":[{"embeddable":true,"href":"https:\/\/armstrongyregion.com.ar\/diario\/wp-json\/wp\/v2\/comments?post=31232"}],"version-history":[{"count":1,"href":"https:\/\/armstrongyregion.com.ar\/diario\/wp-json\/wp\/v2\/posts\/31232\/revisions"}],"predecessor-version":[{"id":31234,"href":"https:\/\/armstrongyregion.com.ar\/diario\/wp-json\/wp\/v2\/posts\/31232\/revisions\/31234"}],"wp:featuredmedia":[{"embeddable":true,"href":"https:\/\/armstrongyregion.com.ar\/diario\/wp-json\/wp\/v2\/media\/31233"}],"wp:attachment":[{"href":"https:\/\/armstrongyregion.com.ar\/diario\/wp-json\/wp\/v2\/media?parent=31232"}],"wp:term":[{"taxonomy":"category","embeddable":true,"href":"https:\/\/armstrongyregion.com.ar\/diario\/wp-json\/wp\/v2\/categories?post=31232"},{"taxonomy":"post_tag","embeddable":true,"href":"https:\/\/armstrongyregion.com.ar\/diario\/wp-json\/wp\/v2\/tags?post=31232"}],"curies":[{"name":"wp","href":"https:\/\/api.w.org\/{rel}","templated":true}]}}