{"id":31221,"date":"2021-07-29T13:56:59","date_gmt":"2021-07-29T13:56:59","guid":{"rendered":"https:\/\/armstrongyregion.com.ar\/diario\/?p=31221"},"modified":"2021-07-29T13:57:03","modified_gmt":"2021-07-29T13:57:03","slug":"armstrong-mas-iluminacion-led-en-zona-centrica","status":"publish","type":"post","link":"https:\/\/armstrongyregion.com.ar\/diario\/armstrong-mas-iluminacion-led-en-zona-centrica\/","title":{"rendered":"Armstrong. M\u00e1s iluminaci\u00f3n led en zona c\u00e9ntrica."},"content":{"rendered":"\n<figure class=\"wp-block-image size-large\"><img loading=\"lazy\" decoding=\"async\" width=\"675\" height=\"450\" src=\"http:\/\/armstrongyregion.com.ar\/diario\/wp-content\/uploads\/2021\/07\/iluminacion-RFSM-1.jpg\" alt=\"\" class=\"wp-image-31222\" srcset=\"https:\/\/armstrongyregion.com.ar\/diario\/wp-content\/uploads\/2021\/07\/iluminacion-RFSM-1.jpg 675w, https:\/\/armstrongyregion.com.ar\/diario\/wp-content\/uploads\/2021\/07\/iluminacion-RFSM-1-300x200.jpg 300w\" sizes=\"auto, (max-width: 675px) 100vw, 675px\" \/><\/figure>\n\n\n\n<p>Este mi\u00e9rcoles 28 de julio se produjo el encendido de la nueva iluminaci\u00f3n led en la zona comercial c\u00e9ntrica, avanzando as\u00ed en el proyecto de la instalaci\u00f3n de este tipo de tecnolog\u00eda que no s\u00f3lo aporta mejor visibilidad sino que el ahorro de energ\u00eda el\u00e9ctrica es significativo.<\/p>\n\n\n\n<figure class=\"wp-block-image\"><img decoding=\"async\" src=\"http:\/\/www.armstrong.gov.ar\/2020\/images\/articulos2021\/iluminacion-RFSM-2.jpg\" alt=\"iluminacion RFSM 2\"\/><\/figure>\n\n\n\n<p>El objetivo de estas mejoras es revitalizar la impronta de este sector de la ciudad brindando respuesta al pedido de ejecuci\u00f3n de esta obra por parte del Centro Comercial, Industrial y Rural de Armstrong en representaci\u00f3n de comercios locales.<\/p>\n\n\n\n<figure class=\"wp-block-image\"><img decoding=\"async\" src=\"http:\/\/www.armstrong.gov.ar\/2020\/images\/articulos2021\/iluminacion-RFSM-3.jpg\" alt=\"iluminacion RFSM 3\"\/><\/figure>\n\n\n\n<p>Las calles con nueva iluminaci\u00f3n son:<\/p>\n\n\n\n<p>Fischer desde Irigoyen hasta San Mart\u00edn<\/p>\n\n\n\n<p>San Mart\u00edn desde Fischer hasta Pio Chiodi<\/p>\n\n\n\n<p>Rold\u00e1n desde Pio Chiodi hasta Fischer<\/p>\n\n\n\n<figure class=\"wp-block-image\"><img decoding=\"async\" src=\"http:\/\/www.armstrong.gov.ar\/2020\/images\/articulos2021\/iluminacion-RFSM-4.jpg\" alt=\"iluminacion RFSM 4\"\/><\/figure>\n\n\n\n<p>Esto se suma al recambio ya realizado sobre calles Crucianelli y Pio Chiodi desde Bv. 14 de Diciembre hasta San Mart\u00edn.<\/p>\n\n\n\n<figure class=\"wp-block-image\"><img decoding=\"async\" src=\"http:\/\/www.armstrong.gov.ar\/2020\/images\/articulos2021\/iluminacion-RFSM-5.jpg\" alt=\"iluminacion RFSM 5\"\/><\/figure>\n\n\n\n<p>&nbsp;\u201cCuando se van completando este tipo de obras, la verdad que para nosotros es muy importante porque en estos \u00faltimos 10 a\u00f1os venimos con todo este proyecto de ir remodelando y cambiando las fisonom\u00edas y la obra p\u00fablica dentro de la ciudad con un cronograma important\u00edsimo en los \u00faltimos a\u00f1os, mejorando la calidad de vida o con devolverle a nuestra ciudad eso que siempre nos ha hecho sentir orgullosos de vivir en ella\u201d, dijo el Intendente Dr. Pablo Verdecchia.<\/p>\n\n\n\n<figure class=\"wp-block-image\"><img decoding=\"async\" src=\"http:\/\/www.armstrong.gov.ar\/2020\/images\/articulos2021\/iluminacion-RFSM-6.jpg\" alt=\"iluminacion RFSM 6\"\/><\/figure>\n","protected":false},"excerpt":{"rendered":"<p>Este mi\u00e9rcoles 28 de julio se produjo el encendido de la nueva iluminaci\u00f3n led en la zona comercial c\u00e9ntrica, avanzando as\u00ed en el proyecto de la instalaci\u00f3n de este tipo de tecnolog\u00eda que no s\u00f3lo aporta mejor visibilidad sino que el ahorro de energ\u00eda el\u00e9ctrica es significativo. El objetivo de estas mejoras es revitalizar la <a href=\"https:\/\/armstrongyregion.com.ar\/diario\/armstrong-mas-iluminacion-led-en-zona-centrica\/\" title=\"Read more\" >&#8230;<\/a><\/p>\n","protected":false},"author":1,"featured_media":31222,"comment_status":"open","ping_status":"open","sticky":false,"template":"","format":"image","meta":{"_jetpack_memberships_contains_paid_content":false,"footnotes":"","jetpack_publicize_message":"","jetpack_publicize_feature_enabled":true,"jetpack_social_post_already_shared":true,"jetpack_social_options":{"image_generator_settings":{"template":"highway","default_image_id":0,"enabled":false},"version":2}},"categories":[8,1,2,7],"tags":[],"class_list":["post-31221","post","type-post","status-publish","format-image","has-post-thumbnail","hentry","category-deliberando","category-diario-armstrong","category-locales","category-politica","post_format-post-format-image"],"jetpack_publicize_connections":[],"jetpack_featured_media_url":"https:\/\/armstrongyregion.com.ar\/diario\/wp-content\/uploads\/2021\/07\/iluminacion-RFSM-1.jpg","jetpack_shortlink":"https:\/\/wp.me\/p62QDO-87z","jetpack_sharing_enabled":true,"amp_enabled":true,"_links":{"self":[{"href":"https:\/\/armstrongyregion.com.ar\/diario\/wp-json\/wp\/v2\/posts\/31221","targetHints":{"allow":["GET"]}}],"collection":[{"href":"https:\/\/armstrongyregion.com.ar\/diario\/wp-json\/wp\/v2\/posts"}],"about":[{"href":"https:\/\/armstrongyregion.com.ar\/diario\/wp-json\/wp\/v2\/types\/post"}],"author":[{"embeddable":true,"href":"https:\/\/armstrongyregion.com.ar\/diario\/wp-json\/wp\/v2\/users\/1"}],"replies":[{"embeddable":true,"href":"https:\/\/armstrongyregion.com.ar\/diario\/wp-json\/wp\/v2\/comments?post=31221"}],"version-history":[{"count":1,"href":"https:\/\/armstrongyregion.com.ar\/diario\/wp-json\/wp\/v2\/posts\/31221\/revisions"}],"predecessor-version":[{"id":31223,"href":"https:\/\/armstrongyregion.com.ar\/diario\/wp-json\/wp\/v2\/posts\/31221\/revisions\/31223"}],"wp:featuredmedia":[{"embeddable":true,"href":"https:\/\/armstrongyregion.com.ar\/diario\/wp-json\/wp\/v2\/media\/31222"}],"wp:attachment":[{"href":"https:\/\/armstrongyregion.com.ar\/diario\/wp-json\/wp\/v2\/media?parent=31221"}],"wp:term":[{"taxonomy":"category","embeddable":true,"href":"https:\/\/armstrongyregion.com.ar\/diario\/wp-json\/wp\/v2\/categories?post=31221"},{"taxonomy":"post_tag","embeddable":true,"href":"https:\/\/armstrongyregion.com.ar\/diario\/wp-json\/wp\/v2\/tags?post=31221"}],"curies":[{"name":"wp","href":"https:\/\/api.w.org\/{rel}","templated":true}]}}