{"id":31214,"date":"2021-07-28T23:19:30","date_gmt":"2021-07-28T23:19:30","guid":{"rendered":"https:\/\/armstrongyregion.com.ar\/diario\/?p=31214"},"modified":"2021-07-28T23:19:33","modified_gmt":"2021-07-28T23:19:33","slug":"el-concejo-declaro-de-interes-social-la-ocupacion-del-inmueble-por-la-escuela-campo-spagnolo","status":"publish","type":"post","link":"https:\/\/armstrongyregion.com.ar\/diario\/el-concejo-declaro-de-interes-social-la-ocupacion-del-inmueble-por-la-escuela-campo-spagnolo\/","title":{"rendered":"El Concejo declar\u00f3 de inter\u00e9s social la ocupaci\u00f3n del inmueble por la Escuela Campo Spagnolo."},"content":{"rendered":"\n<figure class=\"wp-block-image size-large\"><img loading=\"lazy\" decoding=\"async\" width=\"507\" height=\"403\" src=\"http:\/\/armstrongyregion.com.ar\/diario\/wp-content\/uploads\/2021\/07\/Concejo-Campo-Spagnolo-.jpg\" alt=\"\" class=\"wp-image-31217\" srcset=\"https:\/\/armstrongyregion.com.ar\/diario\/wp-content\/uploads\/2021\/07\/Concejo-Campo-Spagnolo-.jpg 507w, https:\/\/armstrongyregion.com.ar\/diario\/wp-content\/uploads\/2021\/07\/Concejo-Campo-Spagnolo--300x238.jpg 300w\" sizes=\"auto, (max-width: 507px) 100vw, 507px\" \/><\/figure>\n\n\n\n<p>La iniciativa, que responde a una solicitud efectuada por el Ejecutivo municipal, va en sinton\u00eda con el reclamo de los miembros de la cooperadora de la Instituci\u00f3n Educativa de la Escuela Campo Spagnolo N\u00b0 635 a fin de dar una soluci\u00f3n a este tema.<\/p>\n\n\n\n<p>El pedido de declaraci\u00f3n surge a ra\u00edz de la supuesta venta del terreno lindante a la escuela donde se encuentra emplazado el galp\u00f3n que la instituci\u00f3n educativa construy\u00f3 y utiliza no solo para para los tradicionales almuerzos en el mes de agosto de cada a\u00f1o sino tambi\u00e9n por parte de los alumnos para realizar all\u00ed actividades especiales como lo son Educaci\u00f3n f\u00edsica y Educaci\u00f3n Art\u00edstica.<\/p>\n\n\n\n<p>La Declaraci\u00f3n se concret\u00f3 a trav\u00e9s de la aprobaci\u00f3n de una ordenanza, por la cual, adem\u00e1s, se solicita a la Legislatura Provincial, la sanci\u00f3n de la correspondiente Ley Provincial de Declaraci\u00f3n de Utilidad P\u00fablica y expropiaci\u00f3n del inmueble de propiedad privada.<\/p>\n","protected":false},"excerpt":{"rendered":"<p>La iniciativa, que responde a una solicitud efectuada por el Ejecutivo municipal, va en sinton\u00eda con el reclamo de los miembros de la cooperadora de la Instituci\u00f3n Educativa de la Escuela Campo Spagnolo N\u00b0 635 a fin de dar una soluci\u00f3n a este tema. El pedido de declaraci\u00f3n surge a ra\u00edz de la supuesta venta <a href=\"https:\/\/armstrongyregion.com.ar\/diario\/el-concejo-declaro-de-interes-social-la-ocupacion-del-inmueble-por-la-escuela-campo-spagnolo\/\" title=\"Read more\" >&#8230;<\/a><\/p>\n","protected":false},"author":1,"featured_media":31217,"comment_status":"open","ping_status":"open","sticky":false,"template":"","format":"image","meta":{"_jetpack_memberships_contains_paid_content":false,"footnotes":"","jetpack_publicize_message":"","jetpack_publicize_feature_enabled":true,"jetpack_social_post_already_shared":true,"jetpack_social_options":{"image_generator_settings":{"template":"highway","default_image_id":0,"enabled":false},"version":2}},"categories":[8,1,2,7,3],"tags":[],"class_list":["post-31214","post","type-post","status-publish","format-image","has-post-thumbnail","hentry","category-deliberando","category-diario-armstrong","category-locales","category-politica","category-region","post_format-post-format-image"],"jetpack_publicize_connections":[],"jetpack_featured_media_url":"https:\/\/armstrongyregion.com.ar\/diario\/wp-content\/uploads\/2021\/07\/Concejo-Campo-Spagnolo-.jpg","jetpack_shortlink":"https:\/\/wp.me\/p62QDO-87s","jetpack_sharing_enabled":true,"amp_enabled":true,"_links":{"self":[{"href":"https:\/\/armstrongyregion.com.ar\/diario\/wp-json\/wp\/v2\/posts\/31214","targetHints":{"allow":["GET"]}}],"collection":[{"href":"https:\/\/armstrongyregion.com.ar\/diario\/wp-json\/wp\/v2\/posts"}],"about":[{"href":"https:\/\/armstrongyregion.com.ar\/diario\/wp-json\/wp\/v2\/types\/post"}],"author":[{"embeddable":true,"href":"https:\/\/armstrongyregion.com.ar\/diario\/wp-json\/wp\/v2\/users\/1"}],"replies":[{"embeddable":true,"href":"https:\/\/armstrongyregion.com.ar\/diario\/wp-json\/wp\/v2\/comments?post=31214"}],"version-history":[{"count":1,"href":"https:\/\/armstrongyregion.com.ar\/diario\/wp-json\/wp\/v2\/posts\/31214\/revisions"}],"predecessor-version":[{"id":31218,"href":"https:\/\/armstrongyregion.com.ar\/diario\/wp-json\/wp\/v2\/posts\/31214\/revisions\/31218"}],"wp:featuredmedia":[{"embeddable":true,"href":"https:\/\/armstrongyregion.com.ar\/diario\/wp-json\/wp\/v2\/media\/31217"}],"wp:attachment":[{"href":"https:\/\/armstrongyregion.com.ar\/diario\/wp-json\/wp\/v2\/media?parent=31214"}],"wp:term":[{"taxonomy":"category","embeddable":true,"href":"https:\/\/armstrongyregion.com.ar\/diario\/wp-json\/wp\/v2\/categories?post=31214"},{"taxonomy":"post_tag","embeddable":true,"href":"https:\/\/armstrongyregion.com.ar\/diario\/wp-json\/wp\/v2\/tags?post=31214"}],"curies":[{"name":"wp","href":"https:\/\/api.w.org\/{rel}","templated":true}]}}