{"id":31199,"date":"2021-07-27T15:40:18","date_gmt":"2021-07-27T15:40:18","guid":{"rendered":"https:\/\/armstrongyregion.com.ar\/diario\/?p=31199"},"modified":"2021-07-27T15:40:21","modified_gmt":"2021-07-27T15:40:21","slug":"cornaglia-presento-un-proyecto-para-regular-el-ejercicio-profesional-de-la-psicologia-social","status":"publish","type":"post","link":"https:\/\/armstrongyregion.com.ar\/diario\/cornaglia-presento-un-proyecto-para-regular-el-ejercicio-profesional-de-la-psicologia-social\/","title":{"rendered":"Cornaglia present\u00f3 un proyecto para regular el ejercicio profesional de la psicolog\u00eda social."},"content":{"rendered":"\n<figure class=\"wp-block-image size-large\"><img loading=\"lazy\" decoding=\"async\" width=\"480\" height=\"252\" src=\"http:\/\/armstrongyregion.com.ar\/diario\/wp-content\/uploads\/2021\/07\/GC-2021-07-27-Fb-Psicolog\u00eda-Social.jpg\" alt=\"\" class=\"wp-image-31200\" srcset=\"https:\/\/armstrongyregion.com.ar\/diario\/wp-content\/uploads\/2021\/07\/GC-2021-07-27-Fb-Psicolog\u00eda-Social.jpg 480w, https:\/\/armstrongyregion.com.ar\/diario\/wp-content\/uploads\/2021\/07\/GC-2021-07-27-Fb-Psicolog\u00eda-Social-300x158.jpg 300w\" sizes=\"auto, (max-width: 480px) 100vw, 480px\" \/><\/figure>\n\n\n\n<h2 class=\"wp-block-heading\"><strong><em>\u201cEste proyecto es producto de una construcci\u00f3n colectiva, sistematizada y orientada a resolver las necesidades de todas y todos los profesionales de la Psicolog\u00eda Social de nuestra provincia\u201d<\/em>, manifest\u00f3 el legislador por Belgrano.<\/strong><\/h2>\n\n\n\n<p>El senador provincial Guillermo Cornaglia present\u00f3 en la Legislatura de Santa Fe un proyecto de Ley que busca regular el ejercicio profesional de la Psicolog\u00eda Social, encontr\u00e1ndose entre sus objetivos jerarquizarla por su contribuci\u00f3n a la vigencia, defensa y reivindicaci\u00f3n de los derechos humanos, as\u00ed como generar las condiciones m\u00ednimas necesarias para la prestaci\u00f3n de servicios profesionales con competencia, calidad e idoneidad.<\/p>\n\n\n\n<p><em>\u201cEste proyecto nace como respuesta a las necesidades de las egresadas y egresados de la carrera de t\u00e9cnico superior en Psicolog\u00eda Social de la provincia de Santa Fe que llevan ejerciendo la profesi\u00f3n hace muchos a\u00f1os sin un marco legal que los contenga\u201d<\/em>, explic\u00f3 Cornaglia.<\/p>\n\n\n\n<p>Dichos egresados convergen en el Movimiento de Psic\u00f3logos Sociales de Argentina (MOPSA), que cuentan con representantes en varias provincias y que por medio del trabajo auto organizado buscan llevar adelante iniciativas para la jerarquizaci\u00f3n de la profesi\u00f3n.<\/p>\n\n\n\n<p>Desde MOPSA agradecieron al legislador Guillermo Cornaglia y manifestaron que el proyecto tiene vital importancia no solo para los t\u00e9cnicos superiores en Psicolog\u00eda Social, sino tambi\u00e9n para toda la comunidad en general debido a que promueve y propone un ejercicio legal de la profesi\u00f3n, brinda una aclaraci\u00f3n sobre las competencias e incumbencias y, sobre todo, es una ley que busca cuidar el ejercicio profesional y a la comunidad en general.<\/p>\n\n\n\n<p><em>\u201cTambi\u00e9n representa una reparaci\u00f3n hist\u00f3rica para todas y todos los profesionales de la Psicolog\u00eda Social que hace m\u00e1s medio siglo aportan a la sociedad interviniendo sobre las relaciones sociales\u201d<\/em>, finalizaron.<\/p>\n","protected":false},"excerpt":{"rendered":"<p>\u201cEste proyecto es producto de una construcci\u00f3n colectiva, sistematizada y orientada a resolver las necesidades de todas y todos los profesionales de la Psicolog\u00eda Social de nuestra provincia\u201d, manifest\u00f3 el legislador por Belgrano. El senador provincial Guillermo Cornaglia present\u00f3 en la Legislatura de Santa Fe un proyecto de Ley que busca regular el ejercicio profesional <a href=\"https:\/\/armstrongyregion.com.ar\/diario\/cornaglia-presento-un-proyecto-para-regular-el-ejercicio-profesional-de-la-psicologia-social\/\" title=\"Read more\" >&#8230;<\/a><\/p>\n","protected":false},"author":1,"featured_media":31200,"comment_status":"open","ping_status":"open","sticky":false,"template":"","format":"image","meta":{"_jetpack_memberships_contains_paid_content":false,"footnotes":"","jetpack_publicize_message":"","jetpack_publicize_feature_enabled":true,"jetpack_social_post_already_shared":true,"jetpack_social_options":{"image_generator_settings":{"template":"highway","default_image_id":0,"enabled":false},"version":2}},"categories":[8,1,2,7,3],"tags":[],"class_list":["post-31199","post","type-post","status-publish","format-image","has-post-thumbnail","hentry","category-deliberando","category-diario-armstrong","category-locales","category-politica","category-region","post_format-post-format-image"],"jetpack_publicize_connections":[],"jetpack_featured_media_url":"https:\/\/armstrongyregion.com.ar\/diario\/wp-content\/uploads\/2021\/07\/GC-2021-07-27-Fb-Psicolog\u00eda-Social.jpg","jetpack_shortlink":"https:\/\/wp.me\/p62QDO-87d","jetpack_sharing_enabled":true,"amp_enabled":true,"_links":{"self":[{"href":"https:\/\/armstrongyregion.com.ar\/diario\/wp-json\/wp\/v2\/posts\/31199","targetHints":{"allow":["GET"]}}],"collection":[{"href":"https:\/\/armstrongyregion.com.ar\/diario\/wp-json\/wp\/v2\/posts"}],"about":[{"href":"https:\/\/armstrongyregion.com.ar\/diario\/wp-json\/wp\/v2\/types\/post"}],"author":[{"embeddable":true,"href":"https:\/\/armstrongyregion.com.ar\/diario\/wp-json\/wp\/v2\/users\/1"}],"replies":[{"embeddable":true,"href":"https:\/\/armstrongyregion.com.ar\/diario\/wp-json\/wp\/v2\/comments?post=31199"}],"version-history":[{"count":1,"href":"https:\/\/armstrongyregion.com.ar\/diario\/wp-json\/wp\/v2\/posts\/31199\/revisions"}],"predecessor-version":[{"id":31201,"href":"https:\/\/armstrongyregion.com.ar\/diario\/wp-json\/wp\/v2\/posts\/31199\/revisions\/31201"}],"wp:featuredmedia":[{"embeddable":true,"href":"https:\/\/armstrongyregion.com.ar\/diario\/wp-json\/wp\/v2\/media\/31200"}],"wp:attachment":[{"href":"https:\/\/armstrongyregion.com.ar\/diario\/wp-json\/wp\/v2\/media?parent=31199"}],"wp:term":[{"taxonomy":"category","embeddable":true,"href":"https:\/\/armstrongyregion.com.ar\/diario\/wp-json\/wp\/v2\/categories?post=31199"},{"taxonomy":"post_tag","embeddable":true,"href":"https:\/\/armstrongyregion.com.ar\/diario\/wp-json\/wp\/v2\/tags?post=31199"}],"curies":[{"name":"wp","href":"https:\/\/api.w.org\/{rel}","templated":true}]}}