{"id":31181,"date":"2021-07-25T23:41:55","date_gmt":"2021-07-25T23:41:55","guid":{"rendered":"https:\/\/armstrongyregion.com.ar\/diario\/?p=31181"},"modified":"2021-07-25T23:41:58","modified_gmt":"2021-07-25T23:41:58","slug":"este-lunes-vuelven-las-clases-presenciales-en-todos-los-niveles-en-la-provincia-de-santa-fe","status":"publish","type":"post","link":"https:\/\/armstrongyregion.com.ar\/diario\/este-lunes-vuelven-las-clases-presenciales-en-todos-los-niveles-en-la-provincia-de-santa-fe\/","title":{"rendered":"Este lunes vuelven las clases presenciales en todos los niveles en la provincia de Santa Fe."},"content":{"rendered":"\n<figure class=\"wp-block-image size-large\"><img loading=\"lazy\" decoding=\"async\" width=\"524\" height=\"295\" src=\"http:\/\/armstrongyregion.com.ar\/diario\/wp-content\/uploads\/2021\/07\/clases-burbujas.jpg\" alt=\"\" class=\"wp-image-31182\" srcset=\"https:\/\/armstrongyregion.com.ar\/diario\/wp-content\/uploads\/2021\/07\/clases-burbujas.jpg 524w, https:\/\/armstrongyregion.com.ar\/diario\/wp-content\/uploads\/2021\/07\/clases-burbujas-300x169.jpg 300w\" sizes=\"auto, (max-width: 524px) 100vw, 524px\" \/><\/figure>\n\n\n\n<h2 class=\"wp-block-heading\"> Ser\u00e1 con jornada completa pero se mantendr\u00e1 la alternancia en burbujas. Agregar\u00e1n m\u00e1s horas y habr\u00e1 refuerzos pedag\u00f3gicos.\u00a0 <\/h2>\n\n\n\n<p>Ante la mejora en los indicadores sanitarios, en la provincia de Santa Fe regresan este lunes las clases presenciales en todos los niveles.&nbsp;<\/p>\n\n\n\n<p>Por el momento continuar\u00e1 la modalidad de burbujas y se agregar\u00e1n m\u00e1s horas de clases presenciales, recuperando la jornada simple completa, por lo que tambi\u00e9n se reduce la virtualidad. Adem\u00e1s, se suman instancias de intensificaci\u00f3n de la ense\u00f1anza, como tutor\u00edas optativas los s\u00e1bados para estudiantes de secundaria con dificultades.&nbsp;<\/p>\n\n\n\n<p><em>\u00abSi bien la pandemia no termin\u00f3 y seguimos con un nivel de riesgo alto, en la mayor\u00eda de los departamentos de la provincia estamos saliendo de la alarma epidemiol\u00f3gica, lo que nos permite planificar la vuelta a la presencialidad en todos los niveles y modalidades, con el cumplimiento estricto de los protocolos y los cuidados, como el distanciamiento social, el uso de barbijos y la ventilaci\u00f3n permanente de las aulas\u00bb,<\/em>&nbsp;sostuvo en la semana la ministra de Educaci\u00f3n, Adriana Cantero.<\/p>\n\n\n\n<p>Fuente: El Litoral<\/p>\n","protected":false},"excerpt":{"rendered":"<p>Ser\u00e1 con jornada completa pero se mantendr\u00e1 la alternancia en burbujas. Agregar\u00e1n m\u00e1s horas y habr\u00e1 refuerzos pedag\u00f3gicos.\u00a0 Ante la mejora en los indicadores sanitarios, en la provincia de Santa Fe regresan este lunes las clases presenciales en todos los niveles.&nbsp; Por el momento continuar\u00e1 la modalidad de burbujas y se agregar\u00e1n m\u00e1s horas de <a href=\"https:\/\/armstrongyregion.com.ar\/diario\/este-lunes-vuelven-las-clases-presenciales-en-todos-los-niveles-en-la-provincia-de-santa-fe\/\" title=\"Read more\" >&#8230;<\/a><\/p>\n","protected":false},"author":1,"featured_media":31182,"comment_status":"open","ping_status":"open","sticky":false,"template":"","format":"image","meta":{"_jetpack_memberships_contains_paid_content":false,"footnotes":"","jetpack_publicize_message":"","jetpack_publicize_feature_enabled":true,"jetpack_social_post_already_shared":true,"jetpack_social_options":{"image_generator_settings":{"template":"highway","default_image_id":0,"enabled":false},"version":2}},"categories":[8,1,2,7],"tags":[],"class_list":["post-31181","post","type-post","status-publish","format-image","has-post-thumbnail","hentry","category-deliberando","category-diario-armstrong","category-locales","category-politica","post_format-post-format-image"],"jetpack_publicize_connections":[],"jetpack_featured_media_url":"https:\/\/armstrongyregion.com.ar\/diario\/wp-content\/uploads\/2021\/07\/clases-burbujas.jpg","jetpack_shortlink":"https:\/\/wp.me\/p62QDO-86V","jetpack_sharing_enabled":true,"amp_enabled":true,"_links":{"self":[{"href":"https:\/\/armstrongyregion.com.ar\/diario\/wp-json\/wp\/v2\/posts\/31181","targetHints":{"allow":["GET"]}}],"collection":[{"href":"https:\/\/armstrongyregion.com.ar\/diario\/wp-json\/wp\/v2\/posts"}],"about":[{"href":"https:\/\/armstrongyregion.com.ar\/diario\/wp-json\/wp\/v2\/types\/post"}],"author":[{"embeddable":true,"href":"https:\/\/armstrongyregion.com.ar\/diario\/wp-json\/wp\/v2\/users\/1"}],"replies":[{"embeddable":true,"href":"https:\/\/armstrongyregion.com.ar\/diario\/wp-json\/wp\/v2\/comments?post=31181"}],"version-history":[{"count":1,"href":"https:\/\/armstrongyregion.com.ar\/diario\/wp-json\/wp\/v2\/posts\/31181\/revisions"}],"predecessor-version":[{"id":31183,"href":"https:\/\/armstrongyregion.com.ar\/diario\/wp-json\/wp\/v2\/posts\/31181\/revisions\/31183"}],"wp:featuredmedia":[{"embeddable":true,"href":"https:\/\/armstrongyregion.com.ar\/diario\/wp-json\/wp\/v2\/media\/31182"}],"wp:attachment":[{"href":"https:\/\/armstrongyregion.com.ar\/diario\/wp-json\/wp\/v2\/media?parent=31181"}],"wp:term":[{"taxonomy":"category","embeddable":true,"href":"https:\/\/armstrongyregion.com.ar\/diario\/wp-json\/wp\/v2\/categories?post=31181"},{"taxonomy":"post_tag","embeddable":true,"href":"https:\/\/armstrongyregion.com.ar\/diario\/wp-json\/wp\/v2\/tags?post=31181"}],"curies":[{"name":"wp","href":"https:\/\/api.w.org\/{rel}","templated":true}]}}