{"id":31179,"date":"2021-07-25T23:37:58","date_gmt":"2021-07-25T23:37:58","guid":{"rendered":"https:\/\/armstrongyregion.com.ar\/diario\/?p=31179"},"modified":"2021-07-25T23:38:00","modified_gmt":"2021-07-25T23:38:00","slug":"stella-clerici-es-precandidata-a-diputada-nacional","status":"publish","type":"post","link":"https:\/\/armstrongyregion.com.ar\/diario\/stella-clerici-es-precandidata-a-diputada-nacional\/","title":{"rendered":"Stella Clerici es precandidata a diputada nacional."},"content":{"rendered":"\n<figure class=\"wp-block-image size-large\"><img loading=\"lazy\" decoding=\"async\" width=\"512\" height=\"341\" src=\"http:\/\/armstrongyregion.com.ar\/diario\/wp-content\/uploads\/2020\/07\/Stella-Clerici.jpg\" alt=\"\" class=\"wp-image-26523\" srcset=\"https:\/\/armstrongyregion.com.ar\/diario\/wp-content\/uploads\/2020\/07\/Stella-Clerici.jpg 512w, https:\/\/armstrongyregion.com.ar\/diario\/wp-content\/uploads\/2020\/07\/Stella-Clerici-300x200.jpg 300w\" sizes=\"auto, (max-width: 512px) 100vw, 512px\" \/><\/figure>\n\n\n\n<h2 class=\"wp-block-heading\"> La intendenta de Ca\u00f1ada de G\u00f3mez integra la lista que encabeza Roberto Mirabella. Tambi\u00e9n el ex intendente parejense Diego Mansilla. <\/h2>\n\n\n\n<p>La actual intendenta de Ca\u00f1ada de G\u00f3mez, Stella Clerici, integra la lista a precandidatos a diputados nacionales del Frente de Todos. Se trata de la lista que encabeza Roberto Mirabella actual senador nacional.<\/p>\n\n\n\n<p>En la lista se encuentra tambi\u00e9n el actual intendente de Funes, Roly Santacroce. Detr\u00e1s de Mirabella, como precandidatos a diputados nacionales, se encolumnan Magal\u00ed Mastaler, Marcos Castell\u00f3, Stella Maris Clerici, Diego Mansilla, Mar\u00eda Haydee Maggio, Roly Santacroce, Mar\u00eda Soledad Senn y Carlos Kauffman.<\/p>\n\n\n\n<p>En cuanto a los suplentes de la lista, se encuentran: Maria Marcela Del Puerto, Miguel Angel Pedrola, Mery Criado, Fabricio Medina, Graciela Zenas y Sergio Suazo.<\/p>\n","protected":false},"excerpt":{"rendered":"<p>La intendenta de Ca\u00f1ada de G\u00f3mez integra la lista que encabeza Roberto Mirabella. Tambi\u00e9n el ex intendente parejense Diego Mansilla. La actual intendenta de Ca\u00f1ada de G\u00f3mez, Stella Clerici, integra la lista a precandidatos a diputados nacionales del Frente de Todos. Se trata de la lista que encabeza Roberto Mirabella actual senador nacional. En la <a href=\"https:\/\/armstrongyregion.com.ar\/diario\/stella-clerici-es-precandidata-a-diputada-nacional\/\" title=\"Read more\" >&#8230;<\/a><\/p>\n","protected":false},"author":1,"featured_media":26523,"comment_status":"open","ping_status":"open","sticky":false,"template":"","format":"image","meta":{"_jetpack_memberships_contains_paid_content":false,"footnotes":"","jetpack_publicize_message":"","jetpack_publicize_feature_enabled":true,"jetpack_social_post_already_shared":true,"jetpack_social_options":{"image_generator_settings":{"template":"highway","default_image_id":0,"enabled":false},"version":2}},"categories":[8,1,2,7,3],"tags":[],"class_list":["post-31179","post","type-post","status-publish","format-image","has-post-thumbnail","hentry","category-deliberando","category-diario-armstrong","category-locales","category-politica","category-region","post_format-post-format-image"],"jetpack_publicize_connections":[],"jetpack_featured_media_url":"https:\/\/armstrongyregion.com.ar\/diario\/wp-content\/uploads\/2020\/07\/Stella-Clerici.jpg","jetpack_shortlink":"https:\/\/wp.me\/p62QDO-86T","jetpack_sharing_enabled":true,"amp_enabled":true,"_links":{"self":[{"href":"https:\/\/armstrongyregion.com.ar\/diario\/wp-json\/wp\/v2\/posts\/31179","targetHints":{"allow":["GET"]}}],"collection":[{"href":"https:\/\/armstrongyregion.com.ar\/diario\/wp-json\/wp\/v2\/posts"}],"about":[{"href":"https:\/\/armstrongyregion.com.ar\/diario\/wp-json\/wp\/v2\/types\/post"}],"author":[{"embeddable":true,"href":"https:\/\/armstrongyregion.com.ar\/diario\/wp-json\/wp\/v2\/users\/1"}],"replies":[{"embeddable":true,"href":"https:\/\/armstrongyregion.com.ar\/diario\/wp-json\/wp\/v2\/comments?post=31179"}],"version-history":[{"count":1,"href":"https:\/\/armstrongyregion.com.ar\/diario\/wp-json\/wp\/v2\/posts\/31179\/revisions"}],"predecessor-version":[{"id":31180,"href":"https:\/\/armstrongyregion.com.ar\/diario\/wp-json\/wp\/v2\/posts\/31179\/revisions\/31180"}],"wp:featuredmedia":[{"embeddable":true,"href":"https:\/\/armstrongyregion.com.ar\/diario\/wp-json\/wp\/v2\/media\/26523"}],"wp:attachment":[{"href":"https:\/\/armstrongyregion.com.ar\/diario\/wp-json\/wp\/v2\/media?parent=31179"}],"wp:term":[{"taxonomy":"category","embeddable":true,"href":"https:\/\/armstrongyregion.com.ar\/diario\/wp-json\/wp\/v2\/categories?post=31179"},{"taxonomy":"post_tag","embeddable":true,"href":"https:\/\/armstrongyregion.com.ar\/diario\/wp-json\/wp\/v2\/tags?post=31179"}],"curies":[{"name":"wp","href":"https:\/\/api.w.org\/{rel}","templated":true}]}}