{"id":31174,"date":"2021-07-25T23:34:40","date_gmt":"2021-07-25T23:34:40","guid":{"rendered":"https:\/\/armstrongyregion.com.ar\/diario\/?p=31174"},"modified":"2021-07-25T23:35:47","modified_gmt":"2021-07-25T23:35:47","slug":"en-accidente-vial-fallecio-franco-taborda-ex-arquero-de-almafuerte","status":"publish","type":"post","link":"https:\/\/armstrongyregion.com.ar\/diario\/en-accidente-vial-fallecio-franco-taborda-ex-arquero-de-almafuerte\/","title":{"rendered":"En accidente vial falleci\u00f3 Franco Taborda, ex arquero de Almafuerte."},"content":{"rendered":"\n<figure class=\"wp-block-image size-large\"><img loading=\"lazy\" decoding=\"async\" width=\"495\" height=\"291\" src=\"http:\/\/armstrongyregion.com.ar\/diario\/wp-content\/uploads\/2021\/07\/taborda.jpg\" alt=\"\" class=\"wp-image-31176\" srcset=\"https:\/\/armstrongyregion.com.ar\/diario\/wp-content\/uploads\/2021\/07\/taborda.jpg 495w, https:\/\/armstrongyregion.com.ar\/diario\/wp-content\/uploads\/2021\/07\/taborda-300x176.jpg 300w\" sizes=\"auto, (max-width: 495px) 100vw, 495px\" \/><\/figure>\n\n\n\n<h2 class=\"wp-block-heading\"> Ten\u00eda 29 a\u00f1os de edad y perdi\u00f3 la vida cuando volc\u00f3 con su veh\u00edculo en la madrugada de este domingo 25 de julio. <\/h2>\n\n\n\n<p><\/p>\n\n\n\n<figure class=\"wp-block-audio\"><audio controls src=\"http:\/\/armstrongyregion.com.ar\/diario\/wp-content\/uploads\/2021\/07\/multimedia.audio_.bb1135a9c3e17dd3.41636964656e7465204672616e636f205461626f7264612e6d7033.mp3\"><\/audio><figcaption> Ricardo Bovina &#8211; FM 90.5 \u00abStereo Vida\u00bb <br> por Renacer Regional <\/figcaption><\/figure>\n\n\n\n<p>Franco Taborda (conocido como \u00abChamaquito\u00bb) actualmente defend\u00eda el arco del Club A. El Expreso, de El Tr\u00e9bol, instituci\u00f3n de la que siempre fue simpatizante. Se recuerda adem\u00e1s su paso por Atl\u00e9tico Rafaela, y por supuesto por Club A. Almafuerte de Las Rosas.<\/p>\n\n\n\n<p>En un vuelco, aparentemente en solitario, que ocurri\u00f3 en Ruta 13 cerca del cementerio de El Tr\u00e9bol y siendo aproximadamente a las 05:30 horas, dej\u00f3 de existir este reconocido deportista de nuestra regi\u00f3n.<\/p>\n\n\n\n<p>Respondiendo a un pedido de la familia, el presidente de \u00abEl Expreso\u00bb, Gerardo Burga, solicit\u00f3 que sus restos fueran despedidos en el sal\u00f3n social del \u00abverde\u00bb trebolense. Por lo tanto, y con todos los protocolos, la ciudad vecina despedir\u00e1 a quien fuera en vida en excelente portero en la defensa de la valla de varios clubes.\u00a0\u00a0<\/p>\n\n\n\n<p>Las Rosas Digital.<\/p>\n","protected":false},"excerpt":{"rendered":"<p>Ten\u00eda 29 a\u00f1os de edad y perdi\u00f3 la vida cuando volc\u00f3 con su veh\u00edculo en la madrugada de este domingo 25 de julio. Franco Taborda (conocido como \u00abChamaquito\u00bb) actualmente defend\u00eda el arco del Club A. El Expreso, de El Tr\u00e9bol, instituci\u00f3n de la que siempre fue simpatizante. Se recuerda adem\u00e1s su paso por Atl\u00e9tico Rafaela, <a href=\"https:\/\/armstrongyregion.com.ar\/diario\/en-accidente-vial-fallecio-franco-taborda-ex-arquero-de-almafuerte\/\" title=\"Read more\" >&#8230;<\/a><\/p>\n","protected":false},"author":1,"featured_media":31176,"comment_status":"open","ping_status":"open","sticky":false,"template":"","format":"image","meta":{"_jetpack_memberships_contains_paid_content":false,"footnotes":"","jetpack_publicize_message":"","jetpack_publicize_feature_enabled":true,"jetpack_social_post_already_shared":true,"jetpack_social_options":{"image_generator_settings":{"template":"highway","default_image_id":0,"enabled":false},"version":2}},"categories":[8,1,2,7,3],"tags":[],"class_list":["post-31174","post","type-post","status-publish","format-image","has-post-thumbnail","hentry","category-deliberando","category-diario-armstrong","category-locales","category-politica","category-region","post_format-post-format-image"],"jetpack_publicize_connections":[],"jetpack_featured_media_url":"https:\/\/armstrongyregion.com.ar\/diario\/wp-content\/uploads\/2021\/07\/taborda.jpg","jetpack_shortlink":"https:\/\/wp.me\/p62QDO-86O","jetpack_sharing_enabled":true,"amp_enabled":true,"_links":{"self":[{"href":"https:\/\/armstrongyregion.com.ar\/diario\/wp-json\/wp\/v2\/posts\/31174","targetHints":{"allow":["GET"]}}],"collection":[{"href":"https:\/\/armstrongyregion.com.ar\/diario\/wp-json\/wp\/v2\/posts"}],"about":[{"href":"https:\/\/armstrongyregion.com.ar\/diario\/wp-json\/wp\/v2\/types\/post"}],"author":[{"embeddable":true,"href":"https:\/\/armstrongyregion.com.ar\/diario\/wp-json\/wp\/v2\/users\/1"}],"replies":[{"embeddable":true,"href":"https:\/\/armstrongyregion.com.ar\/diario\/wp-json\/wp\/v2\/comments?post=31174"}],"version-history":[{"count":2,"href":"https:\/\/armstrongyregion.com.ar\/diario\/wp-json\/wp\/v2\/posts\/31174\/revisions"}],"predecessor-version":[{"id":31178,"href":"https:\/\/armstrongyregion.com.ar\/diario\/wp-json\/wp\/v2\/posts\/31174\/revisions\/31178"}],"wp:featuredmedia":[{"embeddable":true,"href":"https:\/\/armstrongyregion.com.ar\/diario\/wp-json\/wp\/v2\/media\/31176"}],"wp:attachment":[{"href":"https:\/\/armstrongyregion.com.ar\/diario\/wp-json\/wp\/v2\/media?parent=31174"}],"wp:term":[{"taxonomy":"category","embeddable":true,"href":"https:\/\/armstrongyregion.com.ar\/diario\/wp-json\/wp\/v2\/categories?post=31174"},{"taxonomy":"post_tag","embeddable":true,"href":"https:\/\/armstrongyregion.com.ar\/diario\/wp-json\/wp\/v2\/tags?post=31174"}],"curies":[{"name":"wp","href":"https:\/\/api.w.org\/{rel}","templated":true}]}}