{"id":3116,"date":"2015-07-17T01:37:02","date_gmt":"2015-07-17T01:37:02","guid":{"rendered":"https:\/\/armstrongyregion.com.ar\/diario\/?p=3116"},"modified":"2015-07-17T01:37:02","modified_gmt":"2015-07-17T01:37:02","slug":"canada-de-gomez-17-denuncias-en-el-buzon-de-la-vida","status":"publish","type":"post","link":"https:\/\/armstrongyregion.com.ar\/diario\/canada-de-gomez-17-denuncias-en-el-buzon-de-la-vida\/","title":{"rendered":"Ca\u00f1ada de G\u00f3mez. 17 denuncias en el buz\u00f3n de la vida."},"content":{"rendered":"<p><a href=\"http:\/\/armstrongyregion.com.ar\/diario\/wp-content\/uploads\/2015\/07\/11750707_451130461715640_2705108729359849015_n.jpg\"><img loading=\"lazy\" decoding=\"async\" class=\"alignnone size-medium wp-image-3117\" src=\"http:\/\/armstrongyregion.com.ar\/diario\/wp-content\/uploads\/2015\/07\/11750707_451130461715640_2705108729359849015_n-300x200.jpg\" alt=\"Buz\u00f3n de la vida\" width=\"300\" height=\"200\" srcset=\"https:\/\/armstrongyregion.com.ar\/diario\/wp-content\/uploads\/2015\/07\/11750707_451130461715640_2705108729359849015_n-300x200.jpg 300w, https:\/\/armstrongyregion.com.ar\/diario\/wp-content\/uploads\/2015\/07\/11750707_451130461715640_2705108729359849015_n.jpg 960w\" sizes=\"auto, (max-width: 300px) 100vw, 300px\" \/><\/a>El coordinador de Seguridad Lu\u00eds Leiva, junto a representantes de vecinales e instituciones, realizaron una nueva apertura de esta herramienta ubicada en el Cuartel del Bomberos Voluntarios.<br \/>\nEn la ma\u00f1ana del pasado mi\u00e9rcoles se realiz\u00f3 una nueva apertura del Buz\u00f3n de la Vida en las instalaciones del Cuartel de Bomberos. El acto fue encabezado por el coordinador de Seguridad Ciudadana Lu\u00eds Leiva.<br \/>\nAnte la participaci\u00f3n de representantes de instituciones y vecinales se encontraron 17 denuncias que ser\u00e1n remitidas a la Justicia Federal. Leiva destac\u00f3 en esta oportunidad el acompa\u00f1amiento de Vecinal San Mart\u00edn, Bomberos, Club Arroyito y Vecinal 17 de agosto, que son los actores que ten\u00edan en su custodia las llaves y quienes las tendr\u00e1n para la pr\u00f3xima apertura que se realizar\u00e1 el mes pr\u00f3ximo.<br \/>\nFinalmente se insisti\u00f3 en la importancia de la ciudadan\u00eda tomando esta herramienta para realizar sus denuncias de manera an\u00f3nima que sirven para que luego la justicia realice las investigaciones necesarias.<\/p>\n","protected":false},"excerpt":{"rendered":"<p>El coordinador de Seguridad Lu\u00eds Leiva, junto a representantes de vecinales e instituciones, realizaron una nueva apertura de esta herramienta ubicada en el Cuartel del Bomberos Voluntarios. En la ma\u00f1ana del pasado mi\u00e9rcoles se realiz\u00f3 una nueva apertura del Buz\u00f3n de la Vida en las instalaciones del Cuartel de Bomberos. El acto fue encabezado por <a href=\"https:\/\/armstrongyregion.com.ar\/diario\/canada-de-gomez-17-denuncias-en-el-buzon-de-la-vida\/\" title=\"Read more\" >&#8230;<\/a><\/p>\n","protected":false},"author":2,"featured_media":3117,"comment_status":"open","ping_status":"open","sticky":false,"template":"","format":"standard","meta":{"_jetpack_memberships_contains_paid_content":false,"footnotes":"","jetpack_publicize_message":"","jetpack_publicize_feature_enabled":true,"jetpack_social_post_already_shared":false,"jetpack_social_options":{"image_generator_settings":{"template":"highway","default_image_id":0,"enabled":false},"version":2}},"categories":[1,7,3],"tags":[1194,455,163,19,454,16,15,164,31,456],"class_list":["post-3116","post","type-post","status-publish","format-standard","has-post-thumbnail","hentry","category-diario-armstrong","category-politica","category-region","tag-1194","tag-buzon","tag-canada","tag-de","tag-denuncias","tag-el","tag-en","tag-gomez","tag-la","tag-vida"],"jetpack_publicize_connections":[],"jetpack_featured_media_url":"https:\/\/armstrongyregion.com.ar\/diario\/wp-content\/uploads\/2015\/07\/11750707_451130461715640_2705108729359849015_n.jpg","jetpack_shortlink":"https:\/\/wp.me\/p62QDO-Og","jetpack_sharing_enabled":true,"amp_enabled":true,"_links":{"self":[{"href":"https:\/\/armstrongyregion.com.ar\/diario\/wp-json\/wp\/v2\/posts\/3116","targetHints":{"allow":["GET"]}}],"collection":[{"href":"https:\/\/armstrongyregion.com.ar\/diario\/wp-json\/wp\/v2\/posts"}],"about":[{"href":"https:\/\/armstrongyregion.com.ar\/diario\/wp-json\/wp\/v2\/types\/post"}],"author":[{"embeddable":true,"href":"https:\/\/armstrongyregion.com.ar\/diario\/wp-json\/wp\/v2\/users\/2"}],"replies":[{"embeddable":true,"href":"https:\/\/armstrongyregion.com.ar\/diario\/wp-json\/wp\/v2\/comments?post=3116"}],"version-history":[{"count":0,"href":"https:\/\/armstrongyregion.com.ar\/diario\/wp-json\/wp\/v2\/posts\/3116\/revisions"}],"wp:featuredmedia":[{"embeddable":true,"href":"https:\/\/armstrongyregion.com.ar\/diario\/wp-json\/wp\/v2\/media\/3117"}],"wp:attachment":[{"href":"https:\/\/armstrongyregion.com.ar\/diario\/wp-json\/wp\/v2\/media?parent=3116"}],"wp:term":[{"taxonomy":"category","embeddable":true,"href":"https:\/\/armstrongyregion.com.ar\/diario\/wp-json\/wp\/v2\/categories?post=3116"},{"taxonomy":"post_tag","embeddable":true,"href":"https:\/\/armstrongyregion.com.ar\/diario\/wp-json\/wp\/v2\/tags?post=3116"}],"curies":[{"name":"wp","href":"https:\/\/api.w.org\/{rel}","templated":true}]}}