{"id":31159,"date":"2021-07-25T00:20:43","date_gmt":"2021-07-25T00:20:43","guid":{"rendered":"https:\/\/armstrongyregion.com.ar\/diario\/?p=31159"},"modified":"2021-07-25T00:20:45","modified_gmt":"2021-07-25T00:20:45","slug":"clara-garcia-encabezara-la-lista-al-senado-nacional-acompanada-por-monica-fein-a-diputados","status":"publish","type":"post","link":"https:\/\/armstrongyregion.com.ar\/diario\/clara-garcia-encabezara-la-lista-al-senado-nacional-acompanada-por-monica-fein-a-diputados\/","title":{"rendered":"Clara Garc\u00eda encabezar\u00e1 la lista al Senado nacional, acompa\u00f1ada por M\u00f3nica Fein a diputados."},"content":{"rendered":"\n<figure class=\"wp-block-image size-large\"><img loading=\"lazy\" decoding=\"async\" width=\"731\" height=\"522\" src=\"http:\/\/armstrongyregion.com.ar\/diario\/wp-content\/uploads\/2021\/07\/Celia-.jpg\" alt=\"\" class=\"wp-image-31160\" srcset=\"https:\/\/armstrongyregion.com.ar\/diario\/wp-content\/uploads\/2021\/07\/Celia-.jpg 731w, https:\/\/armstrongyregion.com.ar\/diario\/wp-content\/uploads\/2021\/07\/Celia--300x214.jpg 300w\" sizes=\"auto, (max-width: 731px) 100vw, 731px\" \/><\/figure>\n\n\n\n<p>\n\nLa diputada provincial Clara Garc\u00eda encabezar\u00e1 la n\u00f3mina al Senado nacional, mientras que la presidenta del Partido Socialista y exintendenta de Rosario, M\u00f3nica Fein, ser\u00e1 primera candidata en diputados. Paco Garibaldi completa la propuesta para la C\u00e1mara Alta._<br>El Partido Socialista (PS), junto a otras fuerzas pol\u00edticas y sociales, impulsar\u00e1 a la diputada provincial Clara Garc\u00eda como precandidata a senadora nacional y a la exintendenta M\u00f3nica Fein para encabezar la lista de diputados nacionales, de cara a las elecciones primarias que tendr\u00e1n lugar el pr\u00f3ximo 12 de septiembre.<br>Siempre en el marco del Frente Amplio Progresista, Garc\u00eda estar\u00e1 acompa\u00f1ada por el concejal de Santa Fe Paco Garibaldi, mientras que junto a Fein ser\u00e1n candidatos&nbsp; &nbsp;Gonzalo Saglione, Gaby Sosa, Publio Molinas y Andrea Uboldi.&nbsp;<br>Garibaldi fue director de Pol\u00edticas P\u00fablicas de Juventud en la gesti\u00f3n de Binner y Bonfatti, luego diputado provincial entre 2015 y 2019, y actualmente es concejal de Santa Fe.&nbsp;<br>Saglione integr\u00f3 el equipo de \u00c1ngel Sciara en el Ministerio de Econom\u00eda en la gesti\u00f3n de gobierno de Hermes Binner, como&nbsp; subsecretario de Proyectos de Inversi\u00f3n y Financiamiento Externo&nbsp; e Inversiones, luego en el gobierno de Antonio Bonfatti se desempe\u00f1\u00f3 como secretario de Finanzas y finalmente fue ministro de Econom\u00eda&nbsp; de Miguel Lifschitz.<br>Sosa es la secretaria general del Movimiento Libres del Sur, directora ejecutiva de la Mesa Federal de Mujeres de la Matria Latinoamericana (MuMaL\u00e1) y presidenta de la Fundaci\u00f3n Claves. Fue directora de Derechos Humanos de la&nbsp; Municipalidad de Rosario y subsecretaria de Pol\u00edticas de G\u00e9nero de Santa Fe.<br>Molinas fue subsecretario de Derechos Humanos de la gesti\u00f3n de MIguel Lifschitz y actualmente es director del \u00e1rea en la Municipalidad de Santa Fe.<br>Uboldi integr\u00f3 el equipo de salud del Frente Progresista desde el inicio. Fue directora provincial de Promoci\u00f3n y Prevenci\u00f3n de la Salud, subsecretaria de 1\u00ba y 2\u00ba nivel de Atenci\u00f3n, y ministra de Salud de Lifschitz.<br>C\u00f3mo precandidatos a senadores suplentes estar\u00e1n la diputada provincial y exministra de Ciencia, Tecnolog\u00eda e Innovaci\u00f3n Productiva, Erica Hynes, y el ex director de Vialidad Provincial, Pablo Seghezzo.<br>En tanto, completan la n\u00f3mina a diputados nacionales Miguel Sol\u00eds, dirigente gremial de Las Parejas y exdiputado provincial; Silvia Virili, exconcejal de Reconquista; Diego Martin, presidente del Concejo Municipal de Villa Constituci\u00f3n; y Elizabet Cretazz, dirigente de Movimientos Sociales.\n\n<\/p>\n","protected":false},"excerpt":{"rendered":"<p>La diputada provincial Clara Garc\u00eda encabezar\u00e1 la n\u00f3mina al Senado nacional, mientras que la presidenta del Partido Socialista y exintendenta de Rosario, M\u00f3nica Fein, ser\u00e1 primera candidata en diputados. Paco Garibaldi completa la propuesta para la C\u00e1mara Alta._El Partido Socialista (PS), junto a otras fuerzas pol\u00edticas y sociales, impulsar\u00e1 a la diputada provincial Clara Garc\u00eda <a href=\"https:\/\/armstrongyregion.com.ar\/diario\/clara-garcia-encabezara-la-lista-al-senado-nacional-acompanada-por-monica-fein-a-diputados\/\" title=\"Read more\" >&#8230;<\/a><\/p>\n","protected":false},"author":1,"featured_media":31160,"comment_status":"open","ping_status":"open","sticky":false,"template":"","format":"image","meta":{"_jetpack_memberships_contains_paid_content":false,"footnotes":"","jetpack_publicize_message":"","jetpack_publicize_feature_enabled":true,"jetpack_social_post_already_shared":true,"jetpack_social_options":{"image_generator_settings":{"template":"highway","default_image_id":0,"enabled":false},"version":2}},"categories":[8,1,2,7,3],"tags":[],"class_list":["post-31159","post","type-post","status-publish","format-image","has-post-thumbnail","hentry","category-deliberando","category-diario-armstrong","category-locales","category-politica","category-region","post_format-post-format-image"],"jetpack_publicize_connections":[],"jetpack_featured_media_url":"https:\/\/armstrongyregion.com.ar\/diario\/wp-content\/uploads\/2021\/07\/Celia-.jpg","jetpack_shortlink":"https:\/\/wp.me\/p62QDO-86z","jetpack_sharing_enabled":true,"amp_enabled":true,"_links":{"self":[{"href":"https:\/\/armstrongyregion.com.ar\/diario\/wp-json\/wp\/v2\/posts\/31159","targetHints":{"allow":["GET"]}}],"collection":[{"href":"https:\/\/armstrongyregion.com.ar\/diario\/wp-json\/wp\/v2\/posts"}],"about":[{"href":"https:\/\/armstrongyregion.com.ar\/diario\/wp-json\/wp\/v2\/types\/post"}],"author":[{"embeddable":true,"href":"https:\/\/armstrongyregion.com.ar\/diario\/wp-json\/wp\/v2\/users\/1"}],"replies":[{"embeddable":true,"href":"https:\/\/armstrongyregion.com.ar\/diario\/wp-json\/wp\/v2\/comments?post=31159"}],"version-history":[{"count":1,"href":"https:\/\/armstrongyregion.com.ar\/diario\/wp-json\/wp\/v2\/posts\/31159\/revisions"}],"predecessor-version":[{"id":31161,"href":"https:\/\/armstrongyregion.com.ar\/diario\/wp-json\/wp\/v2\/posts\/31159\/revisions\/31161"}],"wp:featuredmedia":[{"embeddable":true,"href":"https:\/\/armstrongyregion.com.ar\/diario\/wp-json\/wp\/v2\/media\/31160"}],"wp:attachment":[{"href":"https:\/\/armstrongyregion.com.ar\/diario\/wp-json\/wp\/v2\/media?parent=31159"}],"wp:term":[{"taxonomy":"category","embeddable":true,"href":"https:\/\/armstrongyregion.com.ar\/diario\/wp-json\/wp\/v2\/categories?post=31159"},{"taxonomy":"post_tag","embeddable":true,"href":"https:\/\/armstrongyregion.com.ar\/diario\/wp-json\/wp\/v2\/tags?post=31159"}],"curies":[{"name":"wp","href":"https:\/\/api.w.org\/{rel}","templated":true}]}}