{"id":31156,"date":"2021-07-23T13:17:35","date_gmt":"2021-07-23T13:17:35","guid":{"rendered":"https:\/\/armstrongyregion.com.ar\/diario\/?p=31156"},"modified":"2021-07-23T13:17:37","modified_gmt":"2021-07-23T13:17:37","slug":"tarifas-de-gas-incluye-a-armstrong-el-beneficio-de-zona-fria","status":"publish","type":"post","link":"https:\/\/armstrongyregion.com.ar\/diario\/tarifas-de-gas-incluye-a-armstrong-el-beneficio-de-zona-fria\/","title":{"rendered":"Tarifas de gas: incluye a  Armstrong el \u00abBeneficio de Zona Fr\u00eda\u00bb."},"content":{"rendered":"\n<figure class=\"wp-block-image size-large\"><img loading=\"lazy\" decoding=\"async\" width=\"500\" height=\"393\" src=\"http:\/\/armstrongyregion.com.ar\/diario\/wp-content\/uploads\/2021\/07\/20210723_101322.jpg\" alt=\"\" class=\"wp-image-31157\" srcset=\"https:\/\/armstrongyregion.com.ar\/diario\/wp-content\/uploads\/2021\/07\/20210723_101322.jpg 500w, https:\/\/armstrongyregion.com.ar\/diario\/wp-content\/uploads\/2021\/07\/20210723_101322-300x236.jpg 300w\" sizes=\"auto, (max-width: 500px) 100vw, 500px\" \/><\/figure>\n\n\n\n<h2 class=\"wp-block-heading\"> Se promulg\u00f3 la semana pasada la Ley 27.637 que propone reducci\u00f3n en las tarifas de gas para municipios donde se registran bajas temperaturas. <\/h2>\n\n\n\n<p>La normativa, sancionada por el Senado el 25 de junio \u00faltimo, modifica el art\u00edculo 75 del Presupuesto 2021 para beneficiar a m\u00e1s de tres millones de habitantes de municipios de las provincias de Buenos Aires, Santa Fe, C\u00f3rdoba, Mendoza, Jujuy, San Juan, San Luis y Salta en los que se registran bajas temperaturas.<\/p>\n\n\n\n<p>Consultando en la web de Litoral Gas, el listado de localidades beneficiarias, se observan&nbsp;<strong>Las Rosas, Las Parejas, Armstrong, Ca\u00f1ada de G\u00f3mez, El Tr\u00e9bol, Los Cardos, Carlos Pellegrini, San Jorge,&nbsp;<\/strong>entre otras de la regi\u00f3n.<\/p>\n\n\n\n<p>El impacto de los descuentos en las facturas de gas por la aplicaci\u00f3n efectiva de la ampliaci\u00f3n del R\u00e9gimen de Zonas Fr\u00edas, del 30% al 50%, empezar\u00e1 a percibirse a partir de fines de agosto de forma moderada, para ir creciendo con las facturas de septiembre y octubre.<\/p>\n\n\n\n<p>De esta manera, la cobertura de los consumos de los meses de julio, agosto y septiembre registrar\u00e1n un variado impacto del beneficio de acuerdo con los cierres de lectura de cada prestadora, inform\u00f3 el Ente Nacional Regulador del Gas (Enargas).<\/p>\n\n\n\n<p>Adem\u00e1s, reduce en alrededor del 50% las tarifas a los beneficiarios de las asignaciones universales por Hijo (AUH) y por Embarazo (AUE), de pensiones no contributivas y jubilados -hasta 4 salarios m\u00ednimos-, del monotributo social, de usuarios que perciben seguro de desempleo y de empleadas de casas particulares.<\/p>\n\n\n\n<p>Tambi\u00e9n podr\u00e1n tener este beneficio quienes est\u00e9n exentos en el pago de ABL o tributos locales de igual naturaleza o los que tengan una pensi\u00f3n vitalicia como veteranos de Guerra del Atl\u00e1ntico Sur.<\/p>\n\n\n\n<p>Respecto del resto de los usuarios residenciales, la tarifa diferencial implicar\u00e1 una disminuci\u00f3n del 30% de la factura de gas correspondiente.<\/p>\n\n\n\n<p>Mientras tanto, las distribuidoras del servicio p\u00fablico de gas comenzaron a recibir las notificaciones para instrumentar medidas de difusi\u00f3n en los beneficios de la Ampliaci\u00f3n del R\u00e9gimen Zona Fr\u00eda fijada por la ley 27.637.<\/p>\n\n\n\n<p>Enlace relacionado&nbsp;<strong><a href=\"https:\/\/www.litoral-gas.com.ar\/site\/noticias\/comunicaciones\/ley-zona-fr%C3%ADa\/\" rel=\"noreferrer noopener\" target=\"_blank\">https:\/\/www.litoral-gas.com.ar\/site\/noticias\/comunicaciones\/ley-zona-fr\u00eda\/<\/a><\/strong><\/p>\n\n\n\n<hr class=\"wp-block-separator\"\/>\n\n\n\n<p>Aquellos clientes alcanzados por los descuentos podr\u00e1n ver en la factura las siguientes leyendas: una leyenda cruzada en color celeste que indica que est\u00e1 incorporado a los descuentos Ley 27.637 y una franja celeste en la parte inferior de la factura con un mensaje m\u00e1s detallado.&nbsp;<\/p>\n\n\n\n<p>Ejemplo de factura con las leyendas de Zona Fr\u00eda:<\/p>\n\n\n\n<figure class=\"wp-block-image\"><img decoding=\"async\" src=\"http:\/\/lasrosasdigital.com.ar\/download\/multimedia.normal.a834bcfb569b696a.666163747572612d7a6f6e612d667269615f6e6f726d616c2e77656270.webp\" alt=\"factura-zona-fria\"\/><\/figure>\n\n\n\n<p>Fuente: Las Rosas Digital.<\/p>\n","protected":false},"excerpt":{"rendered":"<p>Se promulg\u00f3 la semana pasada la Ley 27.637 que propone reducci\u00f3n en las tarifas de gas para municipios donde se registran bajas temperaturas. La normativa, sancionada por el Senado el 25 de junio \u00faltimo, modifica el art\u00edculo 75 del Presupuesto 2021 para beneficiar a m\u00e1s de tres millones de habitantes de municipios de las provincias <a href=\"https:\/\/armstrongyregion.com.ar\/diario\/tarifas-de-gas-incluye-a-armstrong-el-beneficio-de-zona-fria\/\" title=\"Read more\" >&#8230;<\/a><\/p>\n","protected":false},"author":1,"featured_media":31157,"comment_status":"open","ping_status":"open","sticky":false,"template":"","format":"image","meta":{"_jetpack_memberships_contains_paid_content":false,"footnotes":"","jetpack_publicize_message":"","jetpack_publicize_feature_enabled":true,"jetpack_social_post_already_shared":true,"jetpack_social_options":{"image_generator_settings":{"template":"highway","default_image_id":0,"enabled":false},"version":2}},"categories":[8,1,2,7,3],"tags":[],"class_list":["post-31156","post","type-post","status-publish","format-image","has-post-thumbnail","hentry","category-deliberando","category-diario-armstrong","category-locales","category-politica","category-region","post_format-post-format-image"],"jetpack_publicize_connections":[],"jetpack_featured_media_url":"https:\/\/armstrongyregion.com.ar\/diario\/wp-content\/uploads\/2021\/07\/20210723_101322.jpg","jetpack_shortlink":"https:\/\/wp.me\/p62QDO-86w","jetpack_sharing_enabled":true,"amp_enabled":true,"_links":{"self":[{"href":"https:\/\/armstrongyregion.com.ar\/diario\/wp-json\/wp\/v2\/posts\/31156","targetHints":{"allow":["GET"]}}],"collection":[{"href":"https:\/\/armstrongyregion.com.ar\/diario\/wp-json\/wp\/v2\/posts"}],"about":[{"href":"https:\/\/armstrongyregion.com.ar\/diario\/wp-json\/wp\/v2\/types\/post"}],"author":[{"embeddable":true,"href":"https:\/\/armstrongyregion.com.ar\/diario\/wp-json\/wp\/v2\/users\/1"}],"replies":[{"embeddable":true,"href":"https:\/\/armstrongyregion.com.ar\/diario\/wp-json\/wp\/v2\/comments?post=31156"}],"version-history":[{"count":1,"href":"https:\/\/armstrongyregion.com.ar\/diario\/wp-json\/wp\/v2\/posts\/31156\/revisions"}],"predecessor-version":[{"id":31158,"href":"https:\/\/armstrongyregion.com.ar\/diario\/wp-json\/wp\/v2\/posts\/31156\/revisions\/31158"}],"wp:featuredmedia":[{"embeddable":true,"href":"https:\/\/armstrongyregion.com.ar\/diario\/wp-json\/wp\/v2\/media\/31157"}],"wp:attachment":[{"href":"https:\/\/armstrongyregion.com.ar\/diario\/wp-json\/wp\/v2\/media?parent=31156"}],"wp:term":[{"taxonomy":"category","embeddable":true,"href":"https:\/\/armstrongyregion.com.ar\/diario\/wp-json\/wp\/v2\/categories?post=31156"},{"taxonomy":"post_tag","embeddable":true,"href":"https:\/\/armstrongyregion.com.ar\/diario\/wp-json\/wp\/v2\/tags?post=31156"}],"curies":[{"name":"wp","href":"https:\/\/api.w.org\/{rel}","templated":true}]}}