{"id":31106,"date":"2021-07-19T15:20:02","date_gmt":"2021-07-19T15:20:02","guid":{"rendered":"https:\/\/armstrongyregion.com.ar\/diario\/?p=31106"},"modified":"2021-07-19T15:20:06","modified_gmt":"2021-07-19T15:20:06","slug":"mutual-de-almafuerte-instalara-una-sucursal-en-armstrong","status":"publish","type":"post","link":"https:\/\/armstrongyregion.com.ar\/diario\/mutual-de-almafuerte-instalara-una-sucursal-en-armstrong\/","title":{"rendered":"Mutual de Almafuerte instalara una sucursal en Armstrong."},"content":{"rendered":"\n<figure class=\"wp-block-image size-large\"><img loading=\"lazy\" decoding=\"async\" width=\"480\" height=\"288\" src=\"http:\/\/armstrongyregion.com.ar\/diario\/wp-content\/uploads\/2021\/07\/mutual-almafuerte.jpg\" alt=\"\" class=\"wp-image-31107\" srcset=\"https:\/\/armstrongyregion.com.ar\/diario\/wp-content\/uploads\/2021\/07\/mutual-almafuerte.jpg 480w, https:\/\/armstrongyregion.com.ar\/diario\/wp-content\/uploads\/2021\/07\/mutual-almafuerte-300x180.jpg 300w\" sizes=\"auto, (max-width: 480px) 100vw, 480px\" \/><\/figure>\n\n\n\n<h2 class=\"wp-block-heading\"> El Pte. de AMSA Leandro Comisso, informo que adem\u00e1s en la asamblea, tambi\u00e9n se aprob\u00f3 la creaci\u00f3n de una proveedur\u00eda. <\/h2>\n\n\n\n<p>En la entrevista realizada al presidente de Mutual AMSA, Leandro Comisso afirm\u00f3 que realizaron una asamblea, donde aprobaron la instalaci\u00f3n de una sucursal en la localidad de Armstrong, y adem\u00e1s, se aprob\u00f3 la creaci\u00f3n de una proveedur\u00eda.&nbsp;<\/p>\n\n\n\n<p>\u201cEstos desaf\u00edos est\u00e1n hechos para los so\u00f1adores, y la verdad que so\u00f1\u00e1bamos con tener una mutual fuerte y afianzada, no s\u00e9 si en un plazo tan r\u00e1pido, pero lo ten\u00edamos\u201d, expres\u00f3.<\/p>\n\n\n\n<p><strong>A partir del resultado de la asamblea, \u00bfhabla de un crecimiento geogr\u00e1fico?<\/strong><\/p>\n\n\n\n<p>\u201cAlmafuerte hizo un convenio con el club Norte de Armstrong, as\u00ed que vamos a desembarcar en la ciudad para poner una sucursal de AMSA\u201d, asegur\u00f3 el presidente de la Mutual de Almafuerte.&nbsp;<\/p>\n\n\n\n<p>Y agreg\u00f3: \u201cPodr\u00edamos haberlo hecho de manera individual, pero la idea es estar asociado con otro club, nos encontramos con una instituci\u00f3n parecida a la nuestra. Calculamos que en agosto o septiembre ya estaremos trabajando junto a Norte\u201d.<\/p>\n\n\n\n<p><strong>\u00bfQu\u00e9 participaci\u00f3n va a tener el Club Norte en esta alianza?<\/strong><\/p>\n\n\n\n<p>\u201cEllos se comprometen a realizar una difusi\u00f3n y a participar en la ciudad promoviendo la mutual, donde tendr\u00e1n un porcentaje de las ganancias de la utilidad. Tuvimos muchas reuniones, ya firmamos el convenio, tenemos todo estipulado\u201d, detall\u00f3.<\/p>\n\n\n\n<p>Con el resultado de la asamblea, ampliar\u00e1n los servicios para los socios de la mutual, donde construir\u00e1n un local para la venta de electrodom\u00e9sticos en un terreno que se encuentra en desuso, mediante el reglamento de proveedur\u00eda que fue aprobado por unanimidad.&nbsp;<\/p>\n\n\n\n<p>La mutual AMSA tiene otros proyectos en mente, y m\u00e1s ambicioso a\u00fan. Se trata de la otorgaci\u00f3n de cr\u00e9ditos para la construcci\u00f3n de viviendas. \u201cHay un d\u00e9ficit habitacional, es un proyecto m\u00e1s largo, pero lo aprobamos.<\/p>\n\n\n\n<p>Sabemos que es algo que se viene, y si el Estado en esto no est\u00e1 presente, nosotros como mutual podemos darle una soluci\u00f3n\u201d, anhel\u00f3 Leandro Comisso.<\/p>\n\n\n\n<figure class=\"wp-block-embed-youtube wp-block-embed is-type-video is-provider-youtube wp-embed-aspect-16-9 wp-has-aspect-ratio\"><div class=\"wp-block-embed__wrapper\">\n<iframe loading=\"lazy\" title=\"15-07-21 Nota Leandro Comisso - Presidente\" width=\"800\" height=\"450\" src=\"https:\/\/www.youtube.com\/embed\/2qGZKpWedUg?feature=oembed\" frameborder=\"0\" allow=\"accelerometer; autoplay; clipboard-write; encrypted-media; gyroscope; picture-in-picture\" allowfullscreen><\/iframe>\n<\/div><\/figure>\n\n\n\n<p>Fuente: Renacer FM<\/p>\n","protected":false},"excerpt":{"rendered":"<p>El Pte. de AMSA Leandro Comisso, informo que adem\u00e1s en la asamblea, tambi\u00e9n se aprob\u00f3 la creaci\u00f3n de una proveedur\u00eda. En la entrevista realizada al presidente de Mutual AMSA, Leandro Comisso afirm\u00f3 que realizaron una asamblea, donde aprobaron la instalaci\u00f3n de una sucursal en la localidad de Armstrong, y adem\u00e1s, se aprob\u00f3 la creaci\u00f3n de <a href=\"https:\/\/armstrongyregion.com.ar\/diario\/mutual-de-almafuerte-instalara-una-sucursal-en-armstrong\/\" title=\"Read more\" >&#8230;<\/a><\/p>\n","protected":false},"author":1,"featured_media":31107,"comment_status":"open","ping_status":"open","sticky":false,"template":"","format":"image","meta":{"_jetpack_memberships_contains_paid_content":false,"footnotes":"","jetpack_publicize_message":"","jetpack_publicize_feature_enabled":true,"jetpack_social_post_already_shared":true,"jetpack_social_options":{"image_generator_settings":{"template":"highway","default_image_id":0,"enabled":false},"version":2}},"categories":[8,1,7,3],"tags":[],"class_list":["post-31106","post","type-post","status-publish","format-image","has-post-thumbnail","hentry","category-deliberando","category-diario-armstrong","category-politica","category-region","post_format-post-format-image"],"jetpack_publicize_connections":[],"jetpack_featured_media_url":"https:\/\/armstrongyregion.com.ar\/diario\/wp-content\/uploads\/2021\/07\/mutual-almafuerte.jpg","jetpack_shortlink":"https:\/\/wp.me\/p62QDO-85I","jetpack_sharing_enabled":true,"amp_enabled":true,"_links":{"self":[{"href":"https:\/\/armstrongyregion.com.ar\/diario\/wp-json\/wp\/v2\/posts\/31106","targetHints":{"allow":["GET"]}}],"collection":[{"href":"https:\/\/armstrongyregion.com.ar\/diario\/wp-json\/wp\/v2\/posts"}],"about":[{"href":"https:\/\/armstrongyregion.com.ar\/diario\/wp-json\/wp\/v2\/types\/post"}],"author":[{"embeddable":true,"href":"https:\/\/armstrongyregion.com.ar\/diario\/wp-json\/wp\/v2\/users\/1"}],"replies":[{"embeddable":true,"href":"https:\/\/armstrongyregion.com.ar\/diario\/wp-json\/wp\/v2\/comments?post=31106"}],"version-history":[{"count":1,"href":"https:\/\/armstrongyregion.com.ar\/diario\/wp-json\/wp\/v2\/posts\/31106\/revisions"}],"predecessor-version":[{"id":31108,"href":"https:\/\/armstrongyregion.com.ar\/diario\/wp-json\/wp\/v2\/posts\/31106\/revisions\/31108"}],"wp:featuredmedia":[{"embeddable":true,"href":"https:\/\/armstrongyregion.com.ar\/diario\/wp-json\/wp\/v2\/media\/31107"}],"wp:attachment":[{"href":"https:\/\/armstrongyregion.com.ar\/diario\/wp-json\/wp\/v2\/media?parent=31106"}],"wp:term":[{"taxonomy":"category","embeddable":true,"href":"https:\/\/armstrongyregion.com.ar\/diario\/wp-json\/wp\/v2\/categories?post=31106"},{"taxonomy":"post_tag","embeddable":true,"href":"https:\/\/armstrongyregion.com.ar\/diario\/wp-json\/wp\/v2\/tags?post=31106"}],"curies":[{"name":"wp","href":"https:\/\/api.w.org\/{rel}","templated":true}]}}