{"id":31103,"date":"2021-07-19T14:57:47","date_gmt":"2021-07-19T14:57:47","guid":{"rendered":"https:\/\/armstrongyregion.com.ar\/diario\/?p=31103"},"modified":"2021-07-19T14:57:49","modified_gmt":"2021-07-19T14:57:49","slug":"montes-de-oca-3-candidatos-diputaran-las-elecciones-a-presidente-comunal","status":"publish","type":"post","link":"https:\/\/armstrongyregion.com.ar\/diario\/montes-de-oca-3-candidatos-diputaran-las-elecciones-a-presidente-comunal\/","title":{"rendered":"Montes de Oca: 3 candidatos diputar\u00e1n las elecciones a Presidente Comunal."},"content":{"rendered":"\n<figure class=\"wp-block-image size-large\"><img loading=\"lazy\" decoding=\"async\" width=\"491\" height=\"486\" src=\"http:\/\/armstrongyregion.com.ar\/diario\/wp-content\/uploads\/2021\/07\/montes-de-oca-mdo.jpg\" alt=\"\" class=\"wp-image-31104\" srcset=\"https:\/\/armstrongyregion.com.ar\/diario\/wp-content\/uploads\/2021\/07\/montes-de-oca-mdo.jpg 491w, https:\/\/armstrongyregion.com.ar\/diario\/wp-content\/uploads\/2021\/07\/montes-de-oca-mdo-300x297.jpg 300w\" sizes=\"auto, (max-width: 491px) 100vw, 491px\" \/><\/figure>\n\n\n\n<h2 class=\"wp-block-heading\"> No hay competencia interna en las PASO, por lo cual ser\u00e1n las listas que participar\u00e1n en los comicios general del 14 de noviembre. <\/h2>\n\n\n\n<p>&#8211; Partido Integraci\u00f3n Monteoquina<br>Con la Lista \u00abSembrando Futuro\u00bb en actual Presidente de la Comuna aspira a continuar conduciendo la Comisi\u00f3n de Fomento local.<\/p>\n\n\n\n<p>&#8211; Frente Progresista, C\u00edvico y Social<br>Emanuel Sagripanti, qui\u00e9n hoy ocupa el cargo de vicepresidente comunal, encabeza la lista \u00abEvoluci\u00f3n\u00bb para lograr la administraci\u00f3n pol\u00edtica de Montes de Oca.<\/p>\n\n\n\n<p>&#8211; Partido \u00abUnite por la Libertad y el Cambio<br>Este partido libertario presentar\u00e1 la Lista \u00abUnite al Cambio\u00bb, pero a\u00fan no se confirm\u00f3 que es el candidato a ocupar la presidencia de la Comuna.<\/p>\n\n\n\n<p>Ahora, el cronograma electoral indica que el martes 27 de este mes, las listas presentadas ser\u00e1n oficializadas y, de no haber impugnaciones, as\u00ed quedar\u00e1n configuradas para las elecciones generales del 14 de noviembre, ya que al no presentar internas, los espacios pol\u00edticos locales salvan el escollo de las PASO que se desarrollar\u00e1n el 12 de septiembre.<\/p>\n\n\n\n<p>Fuente: MdO en Vivo<\/p>\n","protected":false},"excerpt":{"rendered":"<p>No hay competencia interna en las PASO, por lo cual ser\u00e1n las listas que participar\u00e1n en los comicios general del 14 de noviembre. &#8211; Partido Integraci\u00f3n MonteoquinaCon la Lista \u00abSembrando Futuro\u00bb en actual Presidente de la Comuna aspira a continuar conduciendo la Comisi\u00f3n de Fomento local. &#8211; Frente Progresista, C\u00edvico y SocialEmanuel Sagripanti, qui\u00e9n hoy <a href=\"https:\/\/armstrongyregion.com.ar\/diario\/montes-de-oca-3-candidatos-diputaran-las-elecciones-a-presidente-comunal\/\" title=\"Read more\" >&#8230;<\/a><\/p>\n","protected":false},"author":1,"featured_media":31104,"comment_status":"open","ping_status":"open","sticky":false,"template":"","format":"image","meta":{"_jetpack_memberships_contains_paid_content":false,"footnotes":"","jetpack_publicize_message":"","jetpack_publicize_feature_enabled":true,"jetpack_social_post_already_shared":true,"jetpack_social_options":{"image_generator_settings":{"template":"highway","default_image_id":0,"enabled":false},"version":2}},"categories":[8,1,7,3],"tags":[],"class_list":["post-31103","post","type-post","status-publish","format-image","has-post-thumbnail","hentry","category-deliberando","category-diario-armstrong","category-politica","category-region","post_format-post-format-image"],"jetpack_publicize_connections":[],"jetpack_featured_media_url":"https:\/\/armstrongyregion.com.ar\/diario\/wp-content\/uploads\/2021\/07\/montes-de-oca-mdo.jpg","jetpack_shortlink":"https:\/\/wp.me\/p62QDO-85F","jetpack_sharing_enabled":true,"amp_enabled":true,"_links":{"self":[{"href":"https:\/\/armstrongyregion.com.ar\/diario\/wp-json\/wp\/v2\/posts\/31103","targetHints":{"allow":["GET"]}}],"collection":[{"href":"https:\/\/armstrongyregion.com.ar\/diario\/wp-json\/wp\/v2\/posts"}],"about":[{"href":"https:\/\/armstrongyregion.com.ar\/diario\/wp-json\/wp\/v2\/types\/post"}],"author":[{"embeddable":true,"href":"https:\/\/armstrongyregion.com.ar\/diario\/wp-json\/wp\/v2\/users\/1"}],"replies":[{"embeddable":true,"href":"https:\/\/armstrongyregion.com.ar\/diario\/wp-json\/wp\/v2\/comments?post=31103"}],"version-history":[{"count":1,"href":"https:\/\/armstrongyregion.com.ar\/diario\/wp-json\/wp\/v2\/posts\/31103\/revisions"}],"predecessor-version":[{"id":31105,"href":"https:\/\/armstrongyregion.com.ar\/diario\/wp-json\/wp\/v2\/posts\/31103\/revisions\/31105"}],"wp:featuredmedia":[{"embeddable":true,"href":"https:\/\/armstrongyregion.com.ar\/diario\/wp-json\/wp\/v2\/media\/31104"}],"wp:attachment":[{"href":"https:\/\/armstrongyregion.com.ar\/diario\/wp-json\/wp\/v2\/media?parent=31103"}],"wp:term":[{"taxonomy":"category","embeddable":true,"href":"https:\/\/armstrongyregion.com.ar\/diario\/wp-json\/wp\/v2\/categories?post=31103"},{"taxonomy":"post_tag","embeddable":true,"href":"https:\/\/armstrongyregion.com.ar\/diario\/wp-json\/wp\/v2\/tags?post=31103"}],"curies":[{"name":"wp","href":"https:\/\/api.w.org\/{rel}","templated":true}]}}