{"id":31087,"date":"2021-07-16T00:18:22","date_gmt":"2021-07-16T00:18:22","guid":{"rendered":"https:\/\/armstrongyregion.com.ar\/diario\/?p=31087"},"modified":"2021-07-16T00:18:24","modified_gmt":"2021-07-16T00:18:24","slug":"las-parejas-solo-juntos-por-el-cambio-disputara-internas-en-las-paso-2021","status":"publish","type":"post","link":"https:\/\/armstrongyregion.com.ar\/diario\/las-parejas-solo-juntos-por-el-cambio-disputara-internas-en-las-paso-2021\/","title":{"rendered":"Las Parejas: solo \u00abJuntos por el Cambio\u00bb disputar\u00e1 internas en las PASO 2021."},"content":{"rendered":"\n<figure class=\"wp-block-image size-large\"><img loading=\"lazy\" decoding=\"async\" width=\"499\" height=\"305\" src=\"http:\/\/armstrongyregion.com.ar\/diario\/wp-content\/uploads\/2021\/07\/concejo-laspa.jpg\" alt=\"\" class=\"wp-image-31088\" srcset=\"https:\/\/armstrongyregion.com.ar\/diario\/wp-content\/uploads\/2021\/07\/concejo-laspa.jpg 499w, https:\/\/armstrongyregion.com.ar\/diario\/wp-content\/uploads\/2021\/07\/concejo-laspa-300x183.jpg 300w\" sizes=\"auto, (max-width: 499px) 100vw, 499px\" \/><\/figure>\n\n\n\n<h2 class=\"wp-block-heading\"> En el concejo parejense se renuevan tres bancas; dos del FPCyS (Sandra Cl\u00e9rici y David Medina) y uno del PJ (Jorge Zabala). <\/h2>\n\n\n\n<p>El pasado 9 de julio venci\u00f3 el tiempo para la presentaci\u00f3n de las listas de precandidatos para las pr\u00f3ximas elecciones PASO, Primarias Abiertas Simult\u00e1neas y Obligatorias, del 12 de septiembre venidero para conformar as\u00ed las listas definitivas para las elecciones generales del 14 de noviembre.<\/p>\n\n\n\n<p>En Las Parejas se renuevan tres Concejales; dos del FPCyS (Sandra Cl\u00e9rici y David Medina) y uno del PJ (Jorge Zabala). Para esos reemplazos las listas presentadas expresan que solo Juntos por el Cambio tendr\u00e1 interna ya que los dem\u00e1s partidos van con lista \u00fanica y esos ser\u00e1n los candidatos para el mes de noviembre.<\/p>\n\n\n\n<p>A continuaci\u00f3n, todas las listas de precandidatos presentadas:<\/p>\n\n\n\n<p><strong>&#8211; Frente de Todos &#8211; Hacemos Santa Fe&nbsp;<br><\/strong>Titulares<br>Erica Molteni<br>Alejo Borini<br>Evangelina Montoya<br>Suplentes<br>Dami\u00e1n Ardusso<br>Alejandra Feroglio<br>Gast\u00f3n Moro&nbsp; &nbsp; &nbsp; &nbsp; &nbsp; &nbsp; &nbsp; &nbsp; &nbsp; &nbsp; &nbsp; &nbsp; &nbsp; &nbsp; &nbsp; &nbsp; &nbsp; &nbsp; &nbsp; &nbsp; &nbsp; &nbsp; &nbsp; &nbsp; &nbsp; &nbsp; &nbsp; &nbsp; &nbsp; &nbsp; &nbsp; &nbsp; &nbsp; &nbsp; &nbsp; &nbsp; &nbsp; &nbsp; &nbsp; &nbsp; &nbsp; &nbsp; &nbsp; &nbsp; &nbsp; &nbsp; &nbsp; &nbsp; &nbsp; &nbsp; &nbsp; &nbsp; &nbsp; &nbsp; &nbsp; &nbsp; &nbsp; &nbsp; &nbsp; &nbsp; &nbsp; &nbsp; &nbsp; &nbsp; &nbsp; &nbsp; &nbsp; &nbsp; &nbsp; &nbsp; &nbsp; &nbsp;<\/p>\n\n\n\n<p><strong>&#8211; Frente Progresista, C\u00edvico y Social \u2013 Partido Socialista<br><\/strong>Titulares<br>Sandra Clerici<br>David Medina<br>Sabrina Trombotti<br>Suplentes<br>Mauro Godoy<br>Daiana Aguirre<br>Daniel Rodr\u00edguez&nbsp; &nbsp; &nbsp; &nbsp; &nbsp; &nbsp; &nbsp; &nbsp; &nbsp; &nbsp; &nbsp; &nbsp; &nbsp; &nbsp; &nbsp; &nbsp; &nbsp; &nbsp; &nbsp; &nbsp; &nbsp; &nbsp; &nbsp; &nbsp; &nbsp; &nbsp; &nbsp; &nbsp; &nbsp; &nbsp; &nbsp; &nbsp; &nbsp; &nbsp; &nbsp; &nbsp; &nbsp; &nbsp; &nbsp; &nbsp; &nbsp; &nbsp; &nbsp; &nbsp; &nbsp; &nbsp; &nbsp; &nbsp; &nbsp; &nbsp; &nbsp; &nbsp; &nbsp; &nbsp; &nbsp; &nbsp; &nbsp; &nbsp; &nbsp; &nbsp; &nbsp; &nbsp; &nbsp; &nbsp; &nbsp; &nbsp; &nbsp; &nbsp; &nbsp; &nbsp; &nbsp;&nbsp;<\/p>\n\n\n\n<p><strong>&#8211; Juntos por el cambio<br><\/strong>*&nbsp;<em><strong>Ari \u2013 Radicalismo y Pro \u2013 Las Parejas somos todos<br><\/strong><\/em>Titulares<br>Dami\u00e1n Astegiano<br>Nanci Acu\u00f1a<br>Sergio Silvestro<br>Suplentes<br>Marisa Tschopp<br>Mario Bertero<br>Edith Barrionuevo<\/p>\n\n\n\n<p>&nbsp;*<strong><em>&nbsp;Ucede \u2013 Pro \u2013 Avanza Libertad<br><\/em><\/strong>Titulares<br>Juan Fernando Rodr\u00edguez Ciancio<br>Claudia Acu\u00f1a<br>Lucas Cirioni<br>Suplentes<br>Melina Acu\u00f1a<br>Fernando Churo Far\u00edas<br>Berenice Gorr&nbsp; &nbsp; &nbsp; &nbsp; &nbsp; &nbsp; &nbsp; &nbsp; &nbsp; &nbsp; &nbsp; &nbsp; &nbsp; &nbsp; &nbsp; &nbsp; &nbsp; &nbsp; &nbsp; &nbsp; &nbsp; &nbsp; &nbsp; &nbsp; &nbsp; &nbsp; &nbsp; &nbsp; &nbsp; &nbsp; &nbsp; &nbsp; &nbsp; &nbsp; &nbsp; &nbsp; &nbsp; &nbsp; &nbsp; &nbsp; &nbsp; &nbsp; &nbsp; &nbsp; &nbsp; &nbsp; &nbsp; &nbsp; &nbsp; &nbsp; &nbsp; &nbsp; &nbsp; &nbsp; &nbsp; &nbsp; &nbsp; &nbsp; &nbsp; &nbsp; &nbsp; &nbsp; &nbsp; &nbsp; &nbsp; &nbsp; &nbsp; &nbsp; &nbsp; &nbsp; &nbsp; &nbsp;<\/p>\n\n\n\n<p><strong>&#8211; Vida y Familia<br><\/strong>Titulares<br>Mauro Alesandrelli<br>Estela Heredia<br>Jorge Zabala<br>Suplentes<br>Ema Bustos<br>Gustavo L\u00f3pez<br>Isabel Chela Musaschi<\/p>\n","protected":false},"excerpt":{"rendered":"<p>En el concejo parejense se renuevan tres bancas; dos del FPCyS (Sandra Cl\u00e9rici y David Medina) y uno del PJ (Jorge Zabala). El pasado 9 de julio venci\u00f3 el tiempo para la presentaci\u00f3n de las listas de precandidatos para las pr\u00f3ximas elecciones PASO, Primarias Abiertas Simult\u00e1neas y Obligatorias, del 12 de septiembre venidero para conformar <a href=\"https:\/\/armstrongyregion.com.ar\/diario\/las-parejas-solo-juntos-por-el-cambio-disputara-internas-en-las-paso-2021\/\" title=\"Read more\" >&#8230;<\/a><\/p>\n","protected":false},"author":1,"featured_media":31088,"comment_status":"open","ping_status":"open","sticky":false,"template":"","format":"image","meta":{"_jetpack_memberships_contains_paid_content":false,"footnotes":"","jetpack_publicize_message":"","jetpack_publicize_feature_enabled":true,"jetpack_social_post_already_shared":true,"jetpack_social_options":{"image_generator_settings":{"template":"highway","default_image_id":0,"enabled":false},"version":2}},"categories":[8,1,7,3],"tags":[],"class_list":["post-31087","post","type-post","status-publish","format-image","has-post-thumbnail","hentry","category-deliberando","category-diario-armstrong","category-politica","category-region","post_format-post-format-image"],"jetpack_publicize_connections":[],"jetpack_featured_media_url":"https:\/\/armstrongyregion.com.ar\/diario\/wp-content\/uploads\/2021\/07\/concejo-laspa.jpg","jetpack_shortlink":"https:\/\/wp.me\/p62QDO-85p","jetpack_sharing_enabled":true,"amp_enabled":true,"_links":{"self":[{"href":"https:\/\/armstrongyregion.com.ar\/diario\/wp-json\/wp\/v2\/posts\/31087","targetHints":{"allow":["GET"]}}],"collection":[{"href":"https:\/\/armstrongyregion.com.ar\/diario\/wp-json\/wp\/v2\/posts"}],"about":[{"href":"https:\/\/armstrongyregion.com.ar\/diario\/wp-json\/wp\/v2\/types\/post"}],"author":[{"embeddable":true,"href":"https:\/\/armstrongyregion.com.ar\/diario\/wp-json\/wp\/v2\/users\/1"}],"replies":[{"embeddable":true,"href":"https:\/\/armstrongyregion.com.ar\/diario\/wp-json\/wp\/v2\/comments?post=31087"}],"version-history":[{"count":1,"href":"https:\/\/armstrongyregion.com.ar\/diario\/wp-json\/wp\/v2\/posts\/31087\/revisions"}],"predecessor-version":[{"id":31089,"href":"https:\/\/armstrongyregion.com.ar\/diario\/wp-json\/wp\/v2\/posts\/31087\/revisions\/31089"}],"wp:featuredmedia":[{"embeddable":true,"href":"https:\/\/armstrongyregion.com.ar\/diario\/wp-json\/wp\/v2\/media\/31088"}],"wp:attachment":[{"href":"https:\/\/armstrongyregion.com.ar\/diario\/wp-json\/wp\/v2\/media?parent=31087"}],"wp:term":[{"taxonomy":"category","embeddable":true,"href":"https:\/\/armstrongyregion.com.ar\/diario\/wp-json\/wp\/v2\/categories?post=31087"},{"taxonomy":"post_tag","embeddable":true,"href":"https:\/\/armstrongyregion.com.ar\/diario\/wp-json\/wp\/v2\/tags?post=31087"}],"curies":[{"name":"wp","href":"https:\/\/api.w.org\/{rel}","templated":true}]}}