{"id":31060,"date":"2021-07-14T13:43:45","date_gmt":"2021-07-14T13:43:45","guid":{"rendered":"https:\/\/armstrongyregion.com.ar\/diario\/?p=31060"},"modified":"2021-07-14T13:43:48","modified_gmt":"2021-07-14T13:43:48","slug":"armstrong-205-aniversario-de-la-independencia","status":"publish","type":"post","link":"https:\/\/armstrongyregion.com.ar\/diario\/armstrong-205-aniversario-de-la-independencia\/","title":{"rendered":"Armstrong. 205\u00b0 aniversario de la Independencia."},"content":{"rendered":"\n<figure class=\"wp-block-image size-large\"><img loading=\"lazy\" decoding=\"async\" width=\"500\" height=\"333\" src=\"http:\/\/armstrongyregion.com.ar\/diario\/wp-content\/uploads\/2021\/07\/acto_9_de_julio.jpg\" alt=\"\" class=\"wp-image-31061\" srcset=\"https:\/\/armstrongyregion.com.ar\/diario\/wp-content\/uploads\/2021\/07\/acto_9_de_julio.jpg 500w, https:\/\/armstrongyregion.com.ar\/diario\/wp-content\/uploads\/2021\/07\/acto_9_de_julio-300x200.jpg 300w\" sizes=\"auto, (max-width: 500px) 100vw, 500px\" \/><\/figure>\n\n\n\n<p>El viernes 9 de julio de 2021, la comunidad de Armstrong celebr\u00f3 los 205 a\u00f1os de nuestra Independencia con un acto oficial realizado en plaza San Mart\u00edn con la presencia de autoridades municipales, locales y de la Escuela N\u00b0 33 \u201cDr. Mariano Moreno\u201d.<\/p>\n\n\n\n<p>El Himno Nacional Argentino fue interpretado por el Sr. Jorge Bordigotte junto a su hija M\u00f3nica, con los acordes de la guitarra del Maestro Cristian Guzm\u00e1n, director del taller folcl\u00f3rico municipal.<\/p>\n\n\n\n<figure class=\"wp-block-image\"><img decoding=\"async\" src=\"http:\/\/www.armstrong.gov.ar\/2020\/images\/articulos2021\/acto_9_de_julio_2.jpg\" alt=\"acto 9 de julio 2\"\/><\/figure>\n\n\n\n<p>El Intendente Dr. Pablo Verdecchia expres\u00f3 en un fragmento de su discurso:\u201dSer independientes es una vivencia cotidiana que conlleva una profunda responsabilidad hist\u00f3rica de asumirnos como due\u00f1os y \u00fanicos responsables de nuestro propio destino\u2026 Es hacernos cargo cada d\u00eda de la responsabilidad que implica seguir construy\u00e9ndonos como pa\u00eds, como sociedad, como comunidad, estando a la altura de los tiempos, superando temores y dudas para tomar aquellas decisiones que nos permitir\u00e1n, hoy como ayer, depender de nosotros mismos\u2026\u201d<\/p>\n\n\n\n<figure class=\"wp-block-image\"><img decoding=\"async\" src=\"http:\/\/www.armstrong.gov.ar\/2020\/images\/articulos2021\/acto_9_de_julio_3.jpg\" alt=\"acto 9 de julio 3\"\/><\/figure>\n\n\n\n<p>Debido a los protocolos a seguir por la pandemia, a este acto s\u00f3lo asistieron las autoridades mencionadas y fue transmitido en vivo a trav\u00e9s de internet para compartirlo junto a toda la ciudadan\u00eda.<\/p>\n","protected":false},"excerpt":{"rendered":"<p>El viernes 9 de julio de 2021, la comunidad de Armstrong celebr\u00f3 los 205 a\u00f1os de nuestra Independencia con un acto oficial realizado en plaza San Mart\u00edn con la presencia de autoridades municipales, locales y de la Escuela N\u00b0 33 \u201cDr. Mariano Moreno\u201d. El Himno Nacional Argentino fue interpretado por el Sr. Jorge Bordigotte junto <a href=\"https:\/\/armstrongyregion.com.ar\/diario\/armstrong-205-aniversario-de-la-independencia\/\" title=\"Read more\" >&#8230;<\/a><\/p>\n","protected":false},"author":1,"featured_media":31061,"comment_status":"open","ping_status":"open","sticky":false,"template":"","format":"image","meta":{"_jetpack_memberships_contains_paid_content":false,"footnotes":"","jetpack_publicize_message":"","jetpack_publicize_feature_enabled":true,"jetpack_social_post_already_shared":true,"jetpack_social_options":{"image_generator_settings":{"template":"highway","default_image_id":0,"enabled":false},"version":2}},"categories":[6,8,1,2,7],"tags":[],"class_list":["post-31060","post","type-post","status-publish","format-image","has-post-thumbnail","hentry","category-cultura-entretenimiento","category-deliberando","category-diario-armstrong","category-locales","category-politica","post_format-post-format-image"],"jetpack_publicize_connections":[],"jetpack_featured_media_url":"https:\/\/armstrongyregion.com.ar\/diario\/wp-content\/uploads\/2021\/07\/acto_9_de_julio.jpg","jetpack_shortlink":"https:\/\/wp.me\/p62QDO-84Y","jetpack_sharing_enabled":true,"amp_enabled":true,"_links":{"self":[{"href":"https:\/\/armstrongyregion.com.ar\/diario\/wp-json\/wp\/v2\/posts\/31060","targetHints":{"allow":["GET"]}}],"collection":[{"href":"https:\/\/armstrongyregion.com.ar\/diario\/wp-json\/wp\/v2\/posts"}],"about":[{"href":"https:\/\/armstrongyregion.com.ar\/diario\/wp-json\/wp\/v2\/types\/post"}],"author":[{"embeddable":true,"href":"https:\/\/armstrongyregion.com.ar\/diario\/wp-json\/wp\/v2\/users\/1"}],"replies":[{"embeddable":true,"href":"https:\/\/armstrongyregion.com.ar\/diario\/wp-json\/wp\/v2\/comments?post=31060"}],"version-history":[{"count":1,"href":"https:\/\/armstrongyregion.com.ar\/diario\/wp-json\/wp\/v2\/posts\/31060\/revisions"}],"predecessor-version":[{"id":31062,"href":"https:\/\/armstrongyregion.com.ar\/diario\/wp-json\/wp\/v2\/posts\/31060\/revisions\/31062"}],"wp:featuredmedia":[{"embeddable":true,"href":"https:\/\/armstrongyregion.com.ar\/diario\/wp-json\/wp\/v2\/media\/31061"}],"wp:attachment":[{"href":"https:\/\/armstrongyregion.com.ar\/diario\/wp-json\/wp\/v2\/media?parent=31060"}],"wp:term":[{"taxonomy":"category","embeddable":true,"href":"https:\/\/armstrongyregion.com.ar\/diario\/wp-json\/wp\/v2\/categories?post=31060"},{"taxonomy":"post_tag","embeddable":true,"href":"https:\/\/armstrongyregion.com.ar\/diario\/wp-json\/wp\/v2\/tags?post=31060"}],"curies":[{"name":"wp","href":"https:\/\/api.w.org\/{rel}","templated":true}]}}