{"id":3101,"date":"2015-07-15T20:05:16","date_gmt":"2015-07-15T20:05:16","guid":{"rendered":"https:\/\/armstrongyregion.com.ar\/diario\/?p=3101"},"modified":"2015-07-15T20:05:16","modified_gmt":"2015-07-15T20:05:16","slug":"vacaciones-de-invierno-en-la-ciudad-con-alta-convocatoria","status":"publish","type":"post","link":"https:\/\/armstrongyregion.com.ar\/diario\/vacaciones-de-invierno-en-la-ciudad-con-alta-convocatoria\/","title":{"rendered":"Vacaciones de invierno en la ciudad con alta convocatoria."},"content":{"rendered":"<p><a href=\"http:\/\/armstrongyregion.com.ar\/diario\/wp-content\/uploads\/2015\/07\/IMG-20150714-WA00221.jpg\"><img loading=\"lazy\" decoding=\"async\" class=\"alignnone size-medium wp-image-3103\" src=\"http:\/\/armstrongyregion.com.ar\/diario\/wp-content\/uploads\/2015\/07\/IMG-20150714-WA00221-300x225.jpg\" alt=\"IMG-20150714-WA0022\" width=\"300\" height=\"225\" srcset=\"https:\/\/armstrongyregion.com.ar\/diario\/wp-content\/uploads\/2015\/07\/IMG-20150714-WA00221-300x225.jpg 300w, https:\/\/armstrongyregion.com.ar\/diario\/wp-content\/uploads\/2015\/07\/IMG-20150714-WA00221-1024x768.jpg 1024w, https:\/\/armstrongyregion.com.ar\/diario\/wp-content\/uploads\/2015\/07\/IMG-20150714-WA00221.jpg 1280w\" sizes=\"auto, (max-width: 300px) 100vw, 300px\" \/><\/a>Los ni\u00f1os y adultos de la ciudad ya comenzaron a disfrutar de las actividades programadas para este receso invernal con una gran convocatoria en las actividades que se vienen realizando.<\/p>\n<p>El d\u00eda martes 14 de julio, en la estaci\u00f3n M\u00e1s, chicos y grandes se deleitaron con el grupo Viruta y Sudor, quienes presentaron la obra de t\u00edteres \u201cLa Rumba de los Animales\u201d.<\/p>\n<p>Hoy, mi\u00e9rcoles 15 de julio tambi\u00e9n en la estaci\u00f3n M\u00e1s,\u00a0 Museo de Pel\u00edculas present\u00f3 el film \u201cEl libro de la vida\u201d donde los peque\u00f1os adem\u00e1s de disfrutar de la peli, recibieron chupetines y turrones.<\/p>\n<p>Programa pr\u00f3ximos d\u00edas,<\/p>\n<p>Jueves 16 de julio: 15 hs. Estaci\u00f3n M\u00e1s: El grupo Viruta y Sudor presenta la obra de t\u00edteres \u201cCanciones del coraz\u00f3n. Un viaje por el mundo de los animales\u201d.<\/p>\n<p>Martes 21 de julio: 14:30 hs. Museo Hist\u00f3rico Municipal: Museo de Pel\u00edculas presenta el film \u201cBig Hero 6\u201d.<\/p>\n<p>Mi\u00e9rcoles 22 de julio: 14:30 hs. Museo Hist\u00f3rico Municipal: Museo de Pel\u00edculas presenta el film \u201cC\u00f3mo entrenar un drag\u00f3n 2\u201d.<\/p>\n<p>Viernes 24 de julio: 10 s. y 16:45 hs. Parque Bracito Fuerte: \u201cArte al aire libre\u201d, con la Profesora Gisela Cortese.<\/p>\n<p>Todas las actividades son con entrada libre y gratuita.<\/p>\n","protected":false},"excerpt":{"rendered":"<p>Los ni\u00f1os y adultos de la ciudad ya comenzaron a disfrutar de las actividades programadas para este receso invernal con una gran convocatoria en las actividades que se vienen realizando. El d\u00eda martes 14 de julio, en la estaci\u00f3n M\u00e1s, chicos y grandes se deleitaron con el grupo Viruta y Sudor, quienes presentaron la obra <a href=\"https:\/\/armstrongyregion.com.ar\/diario\/vacaciones-de-invierno-en-la-ciudad-con-alta-convocatoria\/\" title=\"Read more\" >&#8230;<\/a><\/p>\n","protected":false},"author":2,"featured_media":3103,"comment_status":"open","ping_status":"open","sticky":false,"template":"","format":"standard","meta":{"_jetpack_memberships_contains_paid_content":false,"footnotes":"","jetpack_publicize_message":"","jetpack_publicize_feature_enabled":true,"jetpack_social_post_already_shared":false,"jetpack_social_options":{"image_generator_settings":{"template":"highway","default_image_id":0,"enabled":false},"version":2}},"categories":[6,1,2],"tags":[1052,390,100,451,19,15,2233,31,609],"class_list":["post-3101","post","type-post","status-publish","format-standard","has-post-thumbnail","hentry","category-cultura-entretenimiento","category-diario-armstrong","category-locales","tag-alta","tag-ciudad","tag-con","tag-convocatoria","tag-de","tag-en","tag-invierno","tag-la","tag-vacaciones"],"jetpack_publicize_connections":[],"jetpack_featured_media_url":"https:\/\/armstrongyregion.com.ar\/diario\/wp-content\/uploads\/2015\/07\/IMG-20150714-WA00221.jpg","jetpack_shortlink":"https:\/\/wp.me\/p62QDO-O1","jetpack_sharing_enabled":true,"amp_enabled":true,"_links":{"self":[{"href":"https:\/\/armstrongyregion.com.ar\/diario\/wp-json\/wp\/v2\/posts\/3101","targetHints":{"allow":["GET"]}}],"collection":[{"href":"https:\/\/armstrongyregion.com.ar\/diario\/wp-json\/wp\/v2\/posts"}],"about":[{"href":"https:\/\/armstrongyregion.com.ar\/diario\/wp-json\/wp\/v2\/types\/post"}],"author":[{"embeddable":true,"href":"https:\/\/armstrongyregion.com.ar\/diario\/wp-json\/wp\/v2\/users\/2"}],"replies":[{"embeddable":true,"href":"https:\/\/armstrongyregion.com.ar\/diario\/wp-json\/wp\/v2\/comments?post=3101"}],"version-history":[{"count":0,"href":"https:\/\/armstrongyregion.com.ar\/diario\/wp-json\/wp\/v2\/posts\/3101\/revisions"}],"wp:featuredmedia":[{"embeddable":true,"href":"https:\/\/armstrongyregion.com.ar\/diario\/wp-json\/wp\/v2\/media\/3103"}],"wp:attachment":[{"href":"https:\/\/armstrongyregion.com.ar\/diario\/wp-json\/wp\/v2\/media?parent=3101"}],"wp:term":[{"taxonomy":"category","embeddable":true,"href":"https:\/\/armstrongyregion.com.ar\/diario\/wp-json\/wp\/v2\/categories?post=3101"},{"taxonomy":"post_tag","embeddable":true,"href":"https:\/\/armstrongyregion.com.ar\/diario\/wp-json\/wp\/v2\/tags?post=3101"}],"curies":[{"name":"wp","href":"https:\/\/api.w.org\/{rel}","templated":true}]}}