{"id":30989,"date":"2021-07-07T22:15:49","date_gmt":"2021-07-07T22:15:49","guid":{"rendered":"https:\/\/armstrongyregion.com.ar\/diario\/?p=30989"},"modified":"2021-07-07T22:15:52","modified_gmt":"2021-07-07T22:15:52","slug":"fallecio-el-exgobernador-carlos-reutemann","status":"publish","type":"post","link":"https:\/\/armstrongyregion.com.ar\/diario\/fallecio-el-exgobernador-carlos-reutemann\/","title":{"rendered":"Falleci\u00f3 el exgobernador Carlos Reutemann."},"content":{"rendered":"\n<figure class=\"wp-block-image size-large\"><img loading=\"lazy\" decoding=\"async\" width=\"730\" height=\"393\" src=\"http:\/\/armstrongyregion.com.ar\/diario\/wp-content\/uploads\/2021\/07\/Carlos-Reutemann-2021-.jpg\" alt=\"\" class=\"wp-image-30990\" srcset=\"https:\/\/armstrongyregion.com.ar\/diario\/wp-content\/uploads\/2021\/07\/Carlos-Reutemann-2021-.jpg 730w, https:\/\/armstrongyregion.com.ar\/diario\/wp-content\/uploads\/2021\/07\/Carlos-Reutemann-2021--300x162.jpg 300w\" sizes=\"auto, (max-width: 730px) 100vw, 730px\" \/><\/figure>\n\n\n\n<h2 class=\"wp-block-heading\"> El estado de salud del actual Senador Nacional se hab\u00eda agravado en las \u00faltimas d\u00edas. <\/h2>\n\n\n\n<p>Este mi\u00e9rcoles, a los 79 a\u00f1os, falleci\u00f3 el exgobernador de Santa Fe Carlos Reutemann. El dirigente santafesino padec\u00eda complicaciones por un c\u00e1ncer de h\u00edgado del que hab\u00eda sido operado en Nueva York en 2017.<\/p>\n\n\n\n<p>La noticia fue confirmada por una de sus hijas, Cora Reutemann, quien a trav\u00e9s de sus redes sociales:<\/p>\n\n\n\n<figure><iframe allowfullscreen=\"true\" class=\"\" src=\"https:\/\/platform.twitter.com\/embed\/Tweet.html?dnt=false&amp;embedId=twitter-widget-0&amp;features=eyJ0ZndfZXhwZXJpbWVudHNfY29va2llX2V4cGlyYXRpb24iOnsiYnVja2V0IjoxMjA5NjAwLCJ2ZXJzaW9uIjpudWxsfSwidGZ3X2hvcml6b25fdHdlZXRfZW1iZWRfOTU1NSI6eyJidWNrZXQiOiJodGUiLCJ2ZXJzaW9uIjpudWxsfSwidGZ3X3R3ZWV0X2VtYmVkX2NsaWNrYWJpbGl0eV8xMjEwMiI6eyJidWNrZXQiOiJjb250cm9sIiwidmVyc2lvbiI6bnVsbH19&amp;frame=false&amp;hideCard=false&amp;hideThread=false&amp;id=1412817852839628801&amp;lang=es&amp;origin=https%3A%2F%2Flasrosasdigital.com.ar%2Fcontenido%2F14937%2Ffallecio-el-exgobernador-carlos-reutemann&amp;sessionId=3baf4e0f9397fcf5cb4fa15806acbcb6c08707ba&amp;theme=light&amp;widgetsVersion=91a128e%3A1623306204510&amp;width=550px\"><\/iframe><\/figure>\n\n\n\n<p>Reutemann tuvo una primera etapa de internaci\u00f3n que se extendi\u00f3 entre el 5 y el 21 de mayo, los tres primeros d\u00edas en el Sanatorio Santa Fe, desde donde fue derivado a un centro asistencial de la ciudad de Rosario.<\/p>\n\n\n\n<p>En ese momento fue tratado por un cuadro de anemia y deshidrataci\u00f3n, pero con el paso de los d\u00edas la situaci\u00f3n se agrav\u00f3 por sangrados digestivos que se repitieron en varias ocasiones.<\/p>\n\n\n\n<p>El 30 de mayo debi\u00f3 volver al centro asistencial debido a que su estado empeor\u00f3 y desde el 21 de junio ha estado en forma ininterrumpida en la sala de cuidados intensivos, ya que tuvo un \u00abempeoramiento de su funci\u00f3n renal\u00bb.<\/p>\n\n\n\n<p><strong>Su trayectoria pol\u00edtica.&nbsp;<\/strong><br>Inici\u00f3 su actividad pol\u00edtica en el Partido Justicialista, por el cual fue elegido gobernador de la provincia de Santa Fe para el per\u00edodo 1991 \u2013 1995.<\/p>\n\n\n\n<p>En 1994 fue elegido Convencional Constituyente para la Reforma de la Constituci\u00f3n Nacional.<\/p>\n\n\n\n<p>Al finalizar su gesti\u00f3n en la primera magistratura de la provincia fue electo senador de la Naci\u00f3n por primera vez, por el per\u00edodo 1995 \u2013 2001, pero en 1999 dej\u00f3 su banca en el Congreso Nacional tras haber triunfado en las elecciones provinciales para gobernador de Santa Fe, donde cumpli\u00f3 su segundo mandato constitucional entre los a\u00f1os 1999 y 2003.<\/p>\n\n\n\n<p>El 7 de septiembre de 2003 fue nuevamente electo para ocupar un esca\u00f1o en la C\u00e1mara Alta, el cual asumi\u00f3 el 10 de diciembre de ese mismo a\u00f1o con mandato hasta el 10 de diciembre de 2009.<\/p>\n\n\n\n<p>En las elecciones legislativas del 28 de junio de 2009, fue elegido nuevamente como senador de la Naci\u00f3n por la provincia de Santa Fe, con mandato hasta 2015. A principios de 2015, form\u00f3 una alianza con Propuesta Republicana, apoyando la candidatura de Mauricio Macri en las elecciones presidenciales de ese a\u00f1o.\u200b Ese mismo a\u00f1o fue reelegido senador por Cambiemos con mandato hasta 2021.<\/p>\n\n\n\n<p>La exdiputada Alejandra Vucasovich ser\u00e1 quien reemplazar\u00e1 a quien fuera hasta hoy senador nacional por Santa Fe.<\/p>\n","protected":false},"excerpt":{"rendered":"<p>El estado de salud del actual Senador Nacional se hab\u00eda agravado en las \u00faltimas d\u00edas. Este mi\u00e9rcoles, a los 79 a\u00f1os, falleci\u00f3 el exgobernador de Santa Fe Carlos Reutemann. El dirigente santafesino padec\u00eda complicaciones por un c\u00e1ncer de h\u00edgado del que hab\u00eda sido operado en Nueva York en 2017. La noticia fue confirmada por una <a href=\"https:\/\/armstrongyregion.com.ar\/diario\/fallecio-el-exgobernador-carlos-reutemann\/\" title=\"Read more\" >&#8230;<\/a><\/p>\n","protected":false},"author":1,"featured_media":30990,"comment_status":"open","ping_status":"open","sticky":false,"template":"","format":"image","meta":{"_jetpack_memberships_contains_paid_content":false,"footnotes":"","jetpack_publicize_message":"","jetpack_publicize_feature_enabled":true,"jetpack_social_post_already_shared":true,"jetpack_social_options":{"image_generator_settings":{"template":"highway","default_image_id":0,"enabled":false},"version":2}},"categories":[8,1,2,7,3],"tags":[],"class_list":["post-30989","post","type-post","status-publish","format-image","has-post-thumbnail","hentry","category-deliberando","category-diario-armstrong","category-locales","category-politica","category-region","post_format-post-format-image"],"jetpack_publicize_connections":[],"jetpack_featured_media_url":"https:\/\/armstrongyregion.com.ar\/diario\/wp-content\/uploads\/2021\/07\/Carlos-Reutemann-2021-.jpg","jetpack_shortlink":"https:\/\/wp.me\/p62QDO-83P","jetpack_sharing_enabled":true,"amp_enabled":true,"_links":{"self":[{"href":"https:\/\/armstrongyregion.com.ar\/diario\/wp-json\/wp\/v2\/posts\/30989","targetHints":{"allow":["GET"]}}],"collection":[{"href":"https:\/\/armstrongyregion.com.ar\/diario\/wp-json\/wp\/v2\/posts"}],"about":[{"href":"https:\/\/armstrongyregion.com.ar\/diario\/wp-json\/wp\/v2\/types\/post"}],"author":[{"embeddable":true,"href":"https:\/\/armstrongyregion.com.ar\/diario\/wp-json\/wp\/v2\/users\/1"}],"replies":[{"embeddable":true,"href":"https:\/\/armstrongyregion.com.ar\/diario\/wp-json\/wp\/v2\/comments?post=30989"}],"version-history":[{"count":1,"href":"https:\/\/armstrongyregion.com.ar\/diario\/wp-json\/wp\/v2\/posts\/30989\/revisions"}],"predecessor-version":[{"id":30991,"href":"https:\/\/armstrongyregion.com.ar\/diario\/wp-json\/wp\/v2\/posts\/30989\/revisions\/30991"}],"wp:featuredmedia":[{"embeddable":true,"href":"https:\/\/armstrongyregion.com.ar\/diario\/wp-json\/wp\/v2\/media\/30990"}],"wp:attachment":[{"href":"https:\/\/armstrongyregion.com.ar\/diario\/wp-json\/wp\/v2\/media?parent=30989"}],"wp:term":[{"taxonomy":"category","embeddable":true,"href":"https:\/\/armstrongyregion.com.ar\/diario\/wp-json\/wp\/v2\/categories?post=30989"},{"taxonomy":"post_tag","embeddable":true,"href":"https:\/\/armstrongyregion.com.ar\/diario\/wp-json\/wp\/v2\/tags?post=30989"}],"curies":[{"name":"wp","href":"https:\/\/api.w.org\/{rel}","templated":true}]}}