{"id":30986,"date":"2021-07-07T22:11:23","date_gmt":"2021-07-07T22:11:23","guid":{"rendered":"https:\/\/armstrongyregion.com.ar\/diario\/?p=30986"},"modified":"2021-07-07T22:11:26","modified_gmt":"2021-07-07T22:11:26","slug":"armstrong-acto-oficial-9-de-julio","status":"publish","type":"post","link":"https:\/\/armstrongyregion.com.ar\/diario\/armstrong-acto-oficial-9-de-julio\/","title":{"rendered":"Armstrong. Acto oficial 9 de Julio."},"content":{"rendered":"\n<figure class=\"wp-block-image size-large\"><img loading=\"lazy\" decoding=\"async\" width=\"367\" height=\"367\" src=\"http:\/\/armstrongyregion.com.ar\/diario\/wp-content\/uploads\/2021\/07\/9-de-julio-2021.jpg\" alt=\"\" class=\"wp-image-30987\" srcset=\"https:\/\/armstrongyregion.com.ar\/diario\/wp-content\/uploads\/2021\/07\/9-de-julio-2021.jpg 367w, https:\/\/armstrongyregion.com.ar\/diario\/wp-content\/uploads\/2021\/07\/9-de-julio-2021-300x300.jpg 300w, https:\/\/armstrongyregion.com.ar\/diario\/wp-content\/uploads\/2021\/07\/9-de-julio-2021-150x150.jpg 150w\" sizes=\"auto, (max-width: 367px) 100vw, 367px\" \/><\/figure>\n\n\n\n<p>La Municipalidad de Armstrong junto a la comunidad educativa de la Escuela N\u00b0 33 \u201cDr. Mariano Moreno\u201d en todos sus niveles y modalidades, invita a compartir el acto oficial por un nuevo aniversario de nuestra Independencia.<\/p>\n\n\n\n<p>Ser\u00e1 el viernes 9 de julio a las 11 hs. en Plaza San Mart\u00edn, y respetando los protocolos vigentes por la pandemia, s\u00f3lo estar\u00e1n presentes las autoridades.<\/p>\n\n\n\n<p>La comunidad podr\u00e1 acompa\u00f1ar a trav\u00e9s de una transmisi\u00f3n v\u00eda internet en vivo por Facebook desde la fan page del Intendente Pablo Verdecchia.<\/p>\n\n\n\n<p>Integrantes del taller folcl\u00f3rico municipal a cargo del Maestro Cristian Guzm\u00e1n entonar\u00e1n nuestro Himno Nacional.<\/p>\n\n\n\n<p>Se invita a embanderar los edificios.<\/p>\n","protected":false},"excerpt":{"rendered":"<p>La Municipalidad de Armstrong junto a la comunidad educativa de la Escuela N\u00b0 33 \u201cDr. Mariano Moreno\u201d en todos sus niveles y modalidades, invita a compartir el acto oficial por un nuevo aniversario de nuestra Independencia. Ser\u00e1 el viernes 9 de julio a las 11 hs. en Plaza San Mart\u00edn, y respetando los protocolos vigentes <a href=\"https:\/\/armstrongyregion.com.ar\/diario\/armstrong-acto-oficial-9-de-julio\/\" title=\"Read more\" >&#8230;<\/a><\/p>\n","protected":false},"author":1,"featured_media":30987,"comment_status":"open","ping_status":"open","sticky":false,"template":"","format":"image","meta":{"_jetpack_memberships_contains_paid_content":false,"footnotes":"","jetpack_publicize_message":"","jetpack_publicize_feature_enabled":true,"jetpack_social_post_already_shared":true,"jetpack_social_options":{"image_generator_settings":{"template":"highway","default_image_id":0,"enabled":false},"version":2}},"categories":[8,1,2,7,3],"tags":[],"class_list":["post-30986","post","type-post","status-publish","format-image","has-post-thumbnail","hentry","category-deliberando","category-diario-armstrong","category-locales","category-politica","category-region","post_format-post-format-image"],"jetpack_publicize_connections":[],"jetpack_featured_media_url":"https:\/\/armstrongyregion.com.ar\/diario\/wp-content\/uploads\/2021\/07\/9-de-julio-2021.jpg","jetpack_shortlink":"https:\/\/wp.me\/p62QDO-83M","jetpack_sharing_enabled":true,"amp_enabled":true,"_links":{"self":[{"href":"https:\/\/armstrongyregion.com.ar\/diario\/wp-json\/wp\/v2\/posts\/30986","targetHints":{"allow":["GET"]}}],"collection":[{"href":"https:\/\/armstrongyregion.com.ar\/diario\/wp-json\/wp\/v2\/posts"}],"about":[{"href":"https:\/\/armstrongyregion.com.ar\/diario\/wp-json\/wp\/v2\/types\/post"}],"author":[{"embeddable":true,"href":"https:\/\/armstrongyregion.com.ar\/diario\/wp-json\/wp\/v2\/users\/1"}],"replies":[{"embeddable":true,"href":"https:\/\/armstrongyregion.com.ar\/diario\/wp-json\/wp\/v2\/comments?post=30986"}],"version-history":[{"count":1,"href":"https:\/\/armstrongyregion.com.ar\/diario\/wp-json\/wp\/v2\/posts\/30986\/revisions"}],"predecessor-version":[{"id":30988,"href":"https:\/\/armstrongyregion.com.ar\/diario\/wp-json\/wp\/v2\/posts\/30986\/revisions\/30988"}],"wp:featuredmedia":[{"embeddable":true,"href":"https:\/\/armstrongyregion.com.ar\/diario\/wp-json\/wp\/v2\/media\/30987"}],"wp:attachment":[{"href":"https:\/\/armstrongyregion.com.ar\/diario\/wp-json\/wp\/v2\/media?parent=30986"}],"wp:term":[{"taxonomy":"category","embeddable":true,"href":"https:\/\/armstrongyregion.com.ar\/diario\/wp-json\/wp\/v2\/categories?post=30986"},{"taxonomy":"post_tag","embeddable":true,"href":"https:\/\/armstrongyregion.com.ar\/diario\/wp-json\/wp\/v2\/tags?post=30986"}],"curies":[{"name":"wp","href":"https:\/\/api.w.org\/{rel}","templated":true}]}}