{"id":30983,"date":"2021-07-07T22:06:33","date_gmt":"2021-07-07T22:06:33","guid":{"rendered":"https:\/\/armstrongyregion.com.ar\/diario\/?p=30983"},"modified":"2021-07-07T22:06:35","modified_gmt":"2021-07-07T22:06:35","slug":"la-provincia-auspicia-la-10a-edicion-de-cultura-para-todas-y-todos-en-las-parejas","status":"publish","type":"post","link":"https:\/\/armstrongyregion.com.ar\/diario\/la-provincia-auspicia-la-10a-edicion-de-cultura-para-todas-y-todos-en-las-parejas\/","title":{"rendered":"La provincia auspicia la 10\u00aa edici\u00f3n de \u201cCultura para todas y todos\u201d en Las Parejas."},"content":{"rendered":"\n<figure class=\"wp-block-image size-large\"><img loading=\"lazy\" decoding=\"async\" width=\"570\" height=\"320\" src=\"http:\/\/armstrongyregion.com.ar\/diario\/wp-content\/uploads\/2021\/07\/cultura-laspa-2021.jpg\" alt=\"\" class=\"wp-image-30984\" srcset=\"https:\/\/armstrongyregion.com.ar\/diario\/wp-content\/uploads\/2021\/07\/cultura-laspa-2021.jpg 570w, https:\/\/armstrongyregion.com.ar\/diario\/wp-content\/uploads\/2021\/07\/cultura-laspa-2021-300x168.jpg 300w\" sizes=\"auto, (max-width: 570px) 100vw, 570px\" \/><\/figure>\n\n\n\n<h2 class=\"wp-block-heading\"> El ministro Jorge Llonch particip\u00f3 este mi\u00e9rcoles del lanzamiento del programa, organizado por el municipio y acompa\u00f1ado por los ministerios de Cultura de Santa Fe y de la Naci\u00f3n. <\/h2>\n\n\n\n<p>Llonch acompa\u00f1\u00f3 al intendente de Las Parejas, Horacio Compagnucci, en la conferencia de prensa que se llev\u00f3 adelante para anunciar los detalles del programa, que se realizar\u00e1 entre el 10 y el 25 de julio, en forma virtual.<\/p>\n\n\n\n<p>El ministro, en la oportunidad, se\u00f1al\u00f3: \u201cCultura para todas y todos es un programa municipal que celebro, y felicito al intendente Compagnucci y a su equipo de trabajo de la Casa de la Cultura, y a todas las hacedoras y los hacedoress por llevarlo adelante, esta vez desde la virtualidad, a la cual nos hemos acostumbrado desde que fuimos lastimados por esta pandemia de Covid-19\u201d.<\/p>\n\n\n\n<p>En ese marco, Llonch agreg\u00f3: \u201cLo que no pudo hacer la pandemia fue detenernos, porque nos acomodamos, nos aggiornamos y avanzamos de la mano de esta virtualidad que nos permiti\u00f3 acompa\u00f1ar como ministerio y sostener el trabajo de las comunas y municipios de toda la provincia, como por ejemplo este programa, en el que desde sus casas podr\u00e1n disfrutar del contacto con artesanos y emprendedores locales, capacitaciones, tutoriales y artistas en escena\u201d.<\/p>\n\n\n\n<p>Finalmente, el titular de Cultura expres\u00f3: \u201cNo puedo dejar de destacar la labor de toda la comunidad de Las Parejas, que a trav\u00e9s de su municipio y Secretar\u00eda de Cultura no bajan los brazos y siguen trabajando, esperando que pronto podamos volver a una apertura aunque sea acotada\u201d.<\/p>\n\n\n\n<p>Adem\u00e1s del ministro y el intendente, participaron del lanzamiento la directora de Cultura y Educaci\u00f3n, Erica Molteni; la directora del Mercado de Artesan\u00edas Tradicionales e Innovadoras Argentinas (Matria), del Ministerio de Cultura de Naci\u00f3n, Roxana Amarilla, y la directora de Relaciones Institucionales del municipio, M\u00f3nica N\u00f3bile.<\/p>\n\n\n\n<p><strong>Algunas propuestas de \u201cCultura para Todas y Todos\u201d<\/strong><\/p>\n\n\n\n<p>La actividad se desarrollar\u00e1 a lo largo de 15 d\u00edas, durante las vacaciones de invierno, entre el 10 y el 25 de julio, y desde cada casa se podr\u00e1n seguir todas las actividades de esta nueva edici\u00f3n.<\/p>\n\n\n\n<p>Habr\u00e1 notas exclusivas a artesanos y emprendedores locales, capacitaciones, tutoriales, charlas, artistas en escena y mucho m\u00e1s. S\u00f3lo ser\u00e1 necesario ingresar de forma gratuita en las redes de la Municipalidad de Las Parejas.<\/p>\n\n\n\n<p>Tambi\u00e9n se realizar\u00e1 un show exclusivo v\u00eda streaming con la presencia de Los Geisers, Gabriel Moyano y Los Criollitos de Santa Fe, Los Musiqueros de Santa Fe y un cierre espectacular junto al grupo Los Lirios.<\/p>\n","protected":false},"excerpt":{"rendered":"<p>El ministro Jorge Llonch particip\u00f3 este mi\u00e9rcoles del lanzamiento del programa, organizado por el municipio y acompa\u00f1ado por los ministerios de Cultura de Santa Fe y de la Naci\u00f3n. Llonch acompa\u00f1\u00f3 al intendente de Las Parejas, Horacio Compagnucci, en la conferencia de prensa que se llev\u00f3 adelante para anunciar los detalles del programa, que se <a href=\"https:\/\/armstrongyregion.com.ar\/diario\/la-provincia-auspicia-la-10a-edicion-de-cultura-para-todas-y-todos-en-las-parejas\/\" title=\"Read more\" >&#8230;<\/a><\/p>\n","protected":false},"author":1,"featured_media":30984,"comment_status":"open","ping_status":"open","sticky":false,"template":"","format":"image","meta":{"_jetpack_memberships_contains_paid_content":false,"footnotes":"","jetpack_publicize_message":"","jetpack_publicize_feature_enabled":true,"jetpack_social_post_already_shared":true,"jetpack_social_options":{"image_generator_settings":{"template":"highway","default_image_id":0,"enabled":false},"version":2}},"categories":[6,8,1,7,3],"tags":[],"class_list":["post-30983","post","type-post","status-publish","format-image","has-post-thumbnail","hentry","category-cultura-entretenimiento","category-deliberando","category-diario-armstrong","category-politica","category-region","post_format-post-format-image"],"jetpack_publicize_connections":[],"jetpack_featured_media_url":"https:\/\/armstrongyregion.com.ar\/diario\/wp-content\/uploads\/2021\/07\/cultura-laspa-2021.jpg","jetpack_shortlink":"https:\/\/wp.me\/p62QDO-83J","jetpack_sharing_enabled":true,"amp_enabled":true,"_links":{"self":[{"href":"https:\/\/armstrongyregion.com.ar\/diario\/wp-json\/wp\/v2\/posts\/30983","targetHints":{"allow":["GET"]}}],"collection":[{"href":"https:\/\/armstrongyregion.com.ar\/diario\/wp-json\/wp\/v2\/posts"}],"about":[{"href":"https:\/\/armstrongyregion.com.ar\/diario\/wp-json\/wp\/v2\/types\/post"}],"author":[{"embeddable":true,"href":"https:\/\/armstrongyregion.com.ar\/diario\/wp-json\/wp\/v2\/users\/1"}],"replies":[{"embeddable":true,"href":"https:\/\/armstrongyregion.com.ar\/diario\/wp-json\/wp\/v2\/comments?post=30983"}],"version-history":[{"count":1,"href":"https:\/\/armstrongyregion.com.ar\/diario\/wp-json\/wp\/v2\/posts\/30983\/revisions"}],"predecessor-version":[{"id":30985,"href":"https:\/\/armstrongyregion.com.ar\/diario\/wp-json\/wp\/v2\/posts\/30983\/revisions\/30985"}],"wp:featuredmedia":[{"embeddable":true,"href":"https:\/\/armstrongyregion.com.ar\/diario\/wp-json\/wp\/v2\/media\/30984"}],"wp:attachment":[{"href":"https:\/\/armstrongyregion.com.ar\/diario\/wp-json\/wp\/v2\/media?parent=30983"}],"wp:term":[{"taxonomy":"category","embeddable":true,"href":"https:\/\/armstrongyregion.com.ar\/diario\/wp-json\/wp\/v2\/categories?post=30983"},{"taxonomy":"post_tag","embeddable":true,"href":"https:\/\/armstrongyregion.com.ar\/diario\/wp-json\/wp\/v2\/tags?post=30983"}],"curies":[{"name":"wp","href":"https:\/\/api.w.org\/{rel}","templated":true}]}}