{"id":30964,"date":"2021-07-06T16:09:42","date_gmt":"2021-07-06T16:09:42","guid":{"rendered":"https:\/\/armstrongyregion.com.ar\/diario\/?p=30964"},"modified":"2021-07-06T16:09:44","modified_gmt":"2021-07-06T16:09:44","slug":"deliberando-hoy-voces-feministas-y-artista-local","status":"publish","type":"post","link":"https:\/\/armstrongyregion.com.ar\/diario\/deliberando-hoy-voces-feministas-y-artista-local\/","title":{"rendered":"Deliberando: Hoy Voces Feministas y Artista local."},"content":{"rendered":"\n<figure class=\"wp-block-image size-large\"><img loading=\"lazy\" decoding=\"async\" width=\"532\" height=\"320\" src=\"http:\/\/armstrongyregion.com.ar\/diario\/wp-content\/uploads\/2021\/07\/Paula-Gonz\u00e1lez-.jpg\" alt=\"\" class=\"wp-image-30965\" srcset=\"https:\/\/armstrongyregion.com.ar\/diario\/wp-content\/uploads\/2021\/07\/Paula-Gonz\u00e1lez-.jpg 532w, https:\/\/armstrongyregion.com.ar\/diario\/wp-content\/uploads\/2021\/07\/Paula-Gonz\u00e1lez--300x180.jpg 300w\" sizes=\"auto, (max-width: 532px) 100vw, 532px\" \/><\/figure>\n\n\n\n<p> En la emisi\u00f3n de hoy\u00a0 de\u00a0 Deliberando participar\u00e1 Paula Gonz\u00e1lez, integrante del grupo Voces Feministas de Armstrong. Hablaremos\u00a0 sobre las actividades que se desarrollaron en conmemoraci\u00f3n del Ni una menos y los futuros proyectos de la agrupaci\u00f3n. Tambi\u00e9n trataremos temas como\u00a0 las implicancias del feminismo actual, la diversidad de los movimientos y\u00a0 la vinculaci\u00f3n entre feminismos y expresiones art\u00edsticas, entre otros.<\/p>\n\n\n\n<figure class=\"wp-block-image size-large\"><img loading=\"lazy\" decoding=\"async\" width=\"593\" height=\"320\" src=\"http:\/\/armstrongyregion.com.ar\/diario\/wp-content\/uploads\/2021\/07\/Eva-Ardizzoni-.jpg\" alt=\"\" class=\"wp-image-30966\" srcset=\"https:\/\/armstrongyregion.com.ar\/diario\/wp-content\/uploads\/2021\/07\/Eva-Ardizzoni-.jpg 593w, https:\/\/armstrongyregion.com.ar\/diario\/wp-content\/uploads\/2021\/07\/Eva-Ardizzoni--300x162.jpg 300w\" sizes=\"auto, (max-width: 593px) 100vw, 593px\" \/><\/figure>\n\n\n\n<p>Cerraremos este programa con la visita de\u00a0 Mar\u00eda Eva Ardizzone, artista armstronense. Nos contar\u00e1 del comienzo de su carrera musical y como\u00a0 la m\u00fasica\u00a0 abri\u00f3 muchas puertas en su camino art\u00edstico: bandas que integr\u00f3, viajes regionales e internacionales y la presentaci\u00f3n de su trabajo \u201cEl derecho a ser\u201d.\u00a0<\/p>\n\n\n\n<p>Martes 06 de julio, a las 21hs. Por Cable Imagen Armstrong.<\/p>\n\n\n\n<p>Reiteraci\u00f3n Mi\u00e9rcoles 13,30hs y Domingos 12hs.<\/p>\n","protected":false},"excerpt":{"rendered":"<p>En la emisi\u00f3n de hoy\u00a0 de\u00a0 Deliberando participar\u00e1 Paula Gonz\u00e1lez, integrante del grupo Voces Feministas de Armstrong. Hablaremos\u00a0 sobre las actividades que se desarrollaron en conmemoraci\u00f3n del Ni una menos y los futuros proyectos de la agrupaci\u00f3n. Tambi\u00e9n trataremos temas como\u00a0 las implicancias del feminismo actual, la diversidad de los movimientos y\u00a0 la vinculaci\u00f3n entre <a href=\"https:\/\/armstrongyregion.com.ar\/diario\/deliberando-hoy-voces-feministas-y-artista-local\/\" title=\"Read more\" >&#8230;<\/a><\/p>\n","protected":false},"author":1,"featured_media":30965,"comment_status":"open","ping_status":"open","sticky":false,"template":"","format":"image","meta":{"_jetpack_memberships_contains_paid_content":false,"footnotes":"","jetpack_publicize_message":"","jetpack_publicize_feature_enabled":true,"jetpack_social_post_already_shared":true,"jetpack_social_options":{"image_generator_settings":{"template":"highway","default_image_id":0,"enabled":false},"version":2}},"categories":[8,1,2,7,3],"tags":[],"class_list":["post-30964","post","type-post","status-publish","format-image","has-post-thumbnail","hentry","category-deliberando","category-diario-armstrong","category-locales","category-politica","category-region","post_format-post-format-image"],"jetpack_publicize_connections":[],"jetpack_featured_media_url":"https:\/\/armstrongyregion.com.ar\/diario\/wp-content\/uploads\/2021\/07\/Paula-Gonz\u00e1lez-.jpg","jetpack_shortlink":"https:\/\/wp.me\/p62QDO-83q","jetpack_sharing_enabled":true,"amp_enabled":true,"_links":{"self":[{"href":"https:\/\/armstrongyregion.com.ar\/diario\/wp-json\/wp\/v2\/posts\/30964","targetHints":{"allow":["GET"]}}],"collection":[{"href":"https:\/\/armstrongyregion.com.ar\/diario\/wp-json\/wp\/v2\/posts"}],"about":[{"href":"https:\/\/armstrongyregion.com.ar\/diario\/wp-json\/wp\/v2\/types\/post"}],"author":[{"embeddable":true,"href":"https:\/\/armstrongyregion.com.ar\/diario\/wp-json\/wp\/v2\/users\/1"}],"replies":[{"embeddable":true,"href":"https:\/\/armstrongyregion.com.ar\/diario\/wp-json\/wp\/v2\/comments?post=30964"}],"version-history":[{"count":1,"href":"https:\/\/armstrongyregion.com.ar\/diario\/wp-json\/wp\/v2\/posts\/30964\/revisions"}],"predecessor-version":[{"id":30967,"href":"https:\/\/armstrongyregion.com.ar\/diario\/wp-json\/wp\/v2\/posts\/30964\/revisions\/30967"}],"wp:featuredmedia":[{"embeddable":true,"href":"https:\/\/armstrongyregion.com.ar\/diario\/wp-json\/wp\/v2\/media\/30965"}],"wp:attachment":[{"href":"https:\/\/armstrongyregion.com.ar\/diario\/wp-json\/wp\/v2\/media?parent=30964"}],"wp:term":[{"taxonomy":"category","embeddable":true,"href":"https:\/\/armstrongyregion.com.ar\/diario\/wp-json\/wp\/v2\/categories?post=30964"},{"taxonomy":"post_tag","embeddable":true,"href":"https:\/\/armstrongyregion.com.ar\/diario\/wp-json\/wp\/v2\/tags?post=30964"}],"curies":[{"name":"wp","href":"https:\/\/api.w.org\/{rel}","templated":true}]}}