{"id":30950,"date":"2021-07-05T17:26:54","date_gmt":"2021-07-05T17:26:54","guid":{"rendered":"https:\/\/armstrongyregion.com.ar\/diario\/?p=30950"},"modified":"2021-07-05T17:26:56","modified_gmt":"2021-07-05T17:26:56","slug":"armstrong-el-intendente-realizo-entrega-de-fae-correspondiente-a-los-meses-de-junio-y-julio","status":"publish","type":"post","link":"https:\/\/armstrongyregion.com.ar\/diario\/armstrong-el-intendente-realizo-entrega-de-fae-correspondiente-a-los-meses-de-junio-y-julio\/","title":{"rendered":"Armstrong. El intendente realiz\u00f3 entrega de FAE correspondiente a los meses de junio y julio."},"content":{"rendered":"\n<figure class=\"wp-block-image size-large\"><img loading=\"lazy\" decoding=\"async\" width=\"480\" height=\"321\" src=\"http:\/\/armstrongyregion.com.ar\/diario\/wp-content\/uploads\/2021\/07\/Esc.-N\u00b033-.jpg\" alt=\"\" class=\"wp-image-30951\" srcset=\"https:\/\/armstrongyregion.com.ar\/diario\/wp-content\/uploads\/2021\/07\/Esc.-N\u00b033-.jpg 480w, https:\/\/armstrongyregion.com.ar\/diario\/wp-content\/uploads\/2021\/07\/Esc.-N\u00b033--300x201.jpg 300w\" sizes=\"auto, (max-width: 480px) 100vw, 480px\" \/><\/figure>\n\n\n\n<p> En la ma\u00f1ana de hoy, el intendente Dr. Pablo Verdecchia, acompa\u00f1ado por la Secretaria de Cultura Rosana Siri, realiz\u00f3 la entrega de Fondo de Asistencia Educativa correspondiente a los meses de junio y julio, pero en esta oportunidad fue diferente, los directivos no se acercaron al municipio sino que ejecutivo recorri\u00f3 las instituciones educativas, en esta ocasi\u00f3n  visitaron  la Escuela N.\u00ba 51 y  la Esc. N.\u00ba 33, quer\u00edan ver el estado edilicio de las mismas e interiorizarse para luego colaborar y ayudar en las necesidades que necesiten mayor premura.<\/p>\n\n\n\n<figure class=\"wp-block-image size-large\"><img loading=\"lazy\" decoding=\"async\" width=\"480\" height=\"321\" src=\"http:\/\/armstrongyregion.com.ar\/diario\/wp-content\/uploads\/2021\/07\/Esc.N33-1-.jpg\" alt=\"\" class=\"wp-image-30953\" srcset=\"https:\/\/armstrongyregion.com.ar\/diario\/wp-content\/uploads\/2021\/07\/Esc.N33-1-.jpg 480w, https:\/\/armstrongyregion.com.ar\/diario\/wp-content\/uploads\/2021\/07\/Esc.N33-1--300x201.jpg 300w\" sizes=\"auto, (max-width: 480px) 100vw, 480px\" \/><\/figure>\n\n\n\n<p>El intendente expres\u00f3: \u201cPara nosotros visitar cada uno de los establecimientos educativos es siempre beneficioso y observar como se viene trabajando desde la pandemia.  Estamos viendo los sistemas de burbujas y ojala se pueda volver pronto a la presencialidad, haciendo hincapi\u00e9 en que si cada uno de los ciudadanos nos comprometemos a cuidarnos y descienden los casos, seguro mas temprano volveremos a la presencialidad del cien por ciento que tan importante es para los chicos\u201d.<\/p>\n\n\n\n<figure class=\"wp-block-image size-large\"><img loading=\"lazy\" decoding=\"async\" width=\"480\" height=\"321\" src=\"http:\/\/armstrongyregion.com.ar\/diario\/wp-content\/uploads\/2021\/07\/Esc.-600-.jpg\" alt=\"\" class=\"wp-image-30954\" srcset=\"https:\/\/armstrongyregion.com.ar\/diario\/wp-content\/uploads\/2021\/07\/Esc.-600-.jpg 480w, https:\/\/armstrongyregion.com.ar\/diario\/wp-content\/uploads\/2021\/07\/Esc.-600--300x201.jpg 300w\" sizes=\"auto, (max-width: 480px) 100vw, 480px\" \/><\/figure>\n\n\n\n<p>Verdecchia a\u00f1adi\u00f3: \u201cEste encuentro con los directivos y cooperadores de cada instituci\u00f3n es para observar sobre las prioridades o necesidades de cada colegio en conjunto. Esta vez hemos decidido hacer un recorrido y visitar nosotros a cada escuela. Recorrer las aulas y ver lo que pasa en cada colegio es muy importante. Tambi\u00e9n en cada instituci\u00f3n, hacemos una entrega de libros, que tiene que ver con los jardines, y un material sobre la educaci\u00f3n emocional que es tan importante interiorizarse en esta tem\u00e1tica en los tiempos que corren para nuestros chicos y el futuro de nuestros los mismos\u201d.<\/p>\n\n\n\n<figure class=\"wp-block-image size-large\"><img loading=\"lazy\" decoding=\"async\" width=\"480\" height=\"321\" src=\"http:\/\/armstrongyregion.com.ar\/diario\/wp-content\/uploads\/2021\/07\/Escuela-262.jpg\" alt=\"\" class=\"wp-image-30955\" srcset=\"https:\/\/armstrongyregion.com.ar\/diario\/wp-content\/uploads\/2021\/07\/Escuela-262.jpg 480w, https:\/\/armstrongyregion.com.ar\/diario\/wp-content\/uploads\/2021\/07\/Escuela-262-300x201.jpg 300w\" sizes=\"auto, (max-width: 480px) 100vw, 480px\" \/><\/figure>\n\n\n\n<p> El intendente inform\u00f3 que tambi\u00e9n habr\u00e1 una entrega especial para la biblioteca, que tiene que ver con un proyecto \u00abantolog\u00edas de nuestra ciudad\u00bb.<\/p>\n\n\n\n<p> \u00abEs muy rescatable, el trabajo cultural que hace la biblioteca popular,  mas all\u00e1 de lo que significa la pandemia, es bueno saber que siempre hay gente que esta pensando en que poder gestionar y proyectar para el futuro de nuestras generaciones, obviamente vamos a estar apoyando con un FAE extraordinario\u00bb.  <\/p>\n","protected":false},"excerpt":{"rendered":"<p>En la ma\u00f1ana de hoy, el intendente Dr. Pablo Verdecchia, acompa\u00f1ado por la Secretaria de Cultura Rosana Siri, realiz\u00f3 la entrega de Fondo de Asistencia Educativa correspondiente a los meses de junio y julio, pero en esta oportunidad fue diferente, los directivos no se acercaron al municipio sino que ejecutivo recorri\u00f3 las instituciones educativas, en <a href=\"https:\/\/armstrongyregion.com.ar\/diario\/armstrong-el-intendente-realizo-entrega-de-fae-correspondiente-a-los-meses-de-junio-y-julio\/\" title=\"Read more\" >&#8230;<\/a><\/p>\n","protected":false},"author":1,"featured_media":30953,"comment_status":"open","ping_status":"open","sticky":false,"template":"","format":"image","meta":{"_jetpack_memberships_contains_paid_content":false,"footnotes":"","jetpack_publicize_message":"","jetpack_publicize_feature_enabled":true,"jetpack_social_post_already_shared":true,"jetpack_social_options":{"image_generator_settings":{"template":"highway","default_image_id":0,"enabled":false},"version":2}},"categories":[6,8,1,2,7,3],"tags":[],"class_list":["post-30950","post","type-post","status-publish","format-image","has-post-thumbnail","hentry","category-cultura-entretenimiento","category-deliberando","category-diario-armstrong","category-locales","category-politica","category-region","post_format-post-format-image"],"jetpack_publicize_connections":[],"jetpack_featured_media_url":"https:\/\/armstrongyregion.com.ar\/diario\/wp-content\/uploads\/2021\/07\/Esc.N33-1-.jpg","jetpack_shortlink":"https:\/\/wp.me\/p62QDO-83c","jetpack_sharing_enabled":true,"amp_enabled":true,"_links":{"self":[{"href":"https:\/\/armstrongyregion.com.ar\/diario\/wp-json\/wp\/v2\/posts\/30950","targetHints":{"allow":["GET"]}}],"collection":[{"href":"https:\/\/armstrongyregion.com.ar\/diario\/wp-json\/wp\/v2\/posts"}],"about":[{"href":"https:\/\/armstrongyregion.com.ar\/diario\/wp-json\/wp\/v2\/types\/post"}],"author":[{"embeddable":true,"href":"https:\/\/armstrongyregion.com.ar\/diario\/wp-json\/wp\/v2\/users\/1"}],"replies":[{"embeddable":true,"href":"https:\/\/armstrongyregion.com.ar\/diario\/wp-json\/wp\/v2\/comments?post=30950"}],"version-history":[{"count":1,"href":"https:\/\/armstrongyregion.com.ar\/diario\/wp-json\/wp\/v2\/posts\/30950\/revisions"}],"predecessor-version":[{"id":30956,"href":"https:\/\/armstrongyregion.com.ar\/diario\/wp-json\/wp\/v2\/posts\/30950\/revisions\/30956"}],"wp:featuredmedia":[{"embeddable":true,"href":"https:\/\/armstrongyregion.com.ar\/diario\/wp-json\/wp\/v2\/media\/30953"}],"wp:attachment":[{"href":"https:\/\/armstrongyregion.com.ar\/diario\/wp-json\/wp\/v2\/media?parent=30950"}],"wp:term":[{"taxonomy":"category","embeddable":true,"href":"https:\/\/armstrongyregion.com.ar\/diario\/wp-json\/wp\/v2\/categories?post=30950"},{"taxonomy":"post_tag","embeddable":true,"href":"https:\/\/armstrongyregion.com.ar\/diario\/wp-json\/wp\/v2\/tags?post=30950"}],"curies":[{"name":"wp","href":"https:\/\/api.w.org\/{rel}","templated":true}]}}