{"id":30904,"date":"2021-07-02T15:02:40","date_gmt":"2021-07-02T15:02:40","guid":{"rendered":"https:\/\/armstrongyregion.com.ar\/diario\/?p=30904"},"modified":"2021-07-02T15:02:44","modified_gmt":"2021-07-02T15:02:44","slug":"canada-de-gomez-raquel-di-paola-asumio-a-la-secretaria-de-cultura-educacion-y-deporte","status":"publish","type":"post","link":"https:\/\/armstrongyregion.com.ar\/diario\/canada-de-gomez-raquel-di-paola-asumio-a-la-secretaria-de-cultura-educacion-y-deporte\/","title":{"rendered":"Ca\u00f1ada de G\u00f3mez. Raquel Di Paola asumi\u00f3 a la Secretar\u00eda de Cultura, Educaci\u00f3n y Deporte."},"content":{"rendered":"\n<figure class=\"wp-block-image size-large\"><img loading=\"lazy\" decoding=\"async\" width=\"640\" height=\"480\" src=\"http:\/\/armstrongyregion.com.ar\/diario\/wp-content\/uploads\/2021\/07\/Raquel-Di-Paola-.jpg\" alt=\"\" class=\"wp-image-30905\" srcset=\"https:\/\/armstrongyregion.com.ar\/diario\/wp-content\/uploads\/2021\/07\/Raquel-Di-Paola-.jpg 640w, https:\/\/armstrongyregion.com.ar\/diario\/wp-content\/uploads\/2021\/07\/Raquel-Di-Paola--300x225.jpg 300w\" sizes=\"auto, (max-width: 640px) 100vw, 640px\" \/><\/figure>\n\n\n\n<p>De acuerdo al decreto N\u00ba 6.435 con fecha del pasado 1\u00ba de julio, la funcionaria retom\u00f3 su funci\u00f3n como titular de la cartera responsable del dise\u00f1o, planificaci\u00f3n y ejecuci\u00f3n de las pol\u00edticas educativas, culturales y deportivas de la actual gesti\u00f3n municipal.<\/p>\n\n\n\n<p>\u201cVamos a continuar potenciando a Ca\u00f1ada como polo de desarrollo educativo, cultural y deportivo en la regi\u00f3n\u201d, afirm\u00f3 Di Paola, luego de que la intendenta municipal Stella Cl\u00e9rici le tome juramento en su cargo.<\/p>\n\n\n\n<p>En este marco, ambas destacaron que a pesar de la pandemia siempre se sostuvieron y generaron numerosas acciones culturales innovadoras con toda la comunidad, y que ya est\u00e1n en marcha muchas propuestas m\u00e1s para los ca\u00f1adenses, que se ir\u00e1n intensificando.<\/p>\n\n\n\n<p>Ya en funciones Raquel Di Paola reafirm\u00f3 como pilares el permanente apoyo a las escuelas a trav\u00e9s de FAE y las gestiones constantes para grandes obras como los nuevos edificios del Profesorado, el Jard\u00edn Barrilete de Colores y la ampliaci\u00f3n del Hornerito; as\u00ed como el sostenimiento de las escuelas municipales, el trabajo mancomunado con todas las instituciones de la ciudad y la generaci\u00f3n cientos de acciones culturales en los m\u00faltiples espacios municipales. A prop\u00f3sito de esto \u00faltimo, destac\u00f3 la reciente finalizaci\u00f3n de la obra del nuevo Centro de la Juventud, que pronto se poblar\u00e1 de actividades culturales, recreativas y deportivas.<\/p>\n\n\n\n<p>\u201cEs un orgullo, una enorme alegr\u00eda y una gran responsabilidad asumir esta nueva etapa, con las mismas ganas, entusiasmo y fuerzas del primer d\u00eda\u201d, expres\u00f3 la secretaria de Educaci\u00f3n, Cultura y Deporte.<\/p>\n","protected":false},"excerpt":{"rendered":"<p>De acuerdo al decreto N\u00ba 6.435 con fecha del pasado 1\u00ba de julio, la funcionaria retom\u00f3 su funci\u00f3n como titular de la cartera responsable del dise\u00f1o, planificaci\u00f3n y ejecuci\u00f3n de las pol\u00edticas educativas, culturales y deportivas de la actual gesti\u00f3n municipal. \u201cVamos a continuar potenciando a Ca\u00f1ada como polo de desarrollo educativo, cultural y deportivo <a href=\"https:\/\/armstrongyregion.com.ar\/diario\/canada-de-gomez-raquel-di-paola-asumio-a-la-secretaria-de-cultura-educacion-y-deporte\/\" title=\"Read more\" >&#8230;<\/a><\/p>\n","protected":false},"author":1,"featured_media":30905,"comment_status":"open","ping_status":"open","sticky":false,"template":"","format":"image","meta":{"_jetpack_memberships_contains_paid_content":false,"footnotes":"","jetpack_publicize_message":"","jetpack_publicize_feature_enabled":true,"jetpack_social_post_already_shared":true,"jetpack_social_options":{"image_generator_settings":{"template":"highway","default_image_id":0,"enabled":false},"version":2}},"categories":[8,1,7,3],"tags":[],"class_list":["post-30904","post","type-post","status-publish","format-image","has-post-thumbnail","hentry","category-deliberando","category-diario-armstrong","category-politica","category-region","post_format-post-format-image"],"jetpack_publicize_connections":[],"jetpack_featured_media_url":"https:\/\/armstrongyregion.com.ar\/diario\/wp-content\/uploads\/2021\/07\/Raquel-Di-Paola-.jpg","jetpack_shortlink":"https:\/\/wp.me\/p62QDO-82s","jetpack_sharing_enabled":true,"amp_enabled":true,"_links":{"self":[{"href":"https:\/\/armstrongyregion.com.ar\/diario\/wp-json\/wp\/v2\/posts\/30904","targetHints":{"allow":["GET"]}}],"collection":[{"href":"https:\/\/armstrongyregion.com.ar\/diario\/wp-json\/wp\/v2\/posts"}],"about":[{"href":"https:\/\/armstrongyregion.com.ar\/diario\/wp-json\/wp\/v2\/types\/post"}],"author":[{"embeddable":true,"href":"https:\/\/armstrongyregion.com.ar\/diario\/wp-json\/wp\/v2\/users\/1"}],"replies":[{"embeddable":true,"href":"https:\/\/armstrongyregion.com.ar\/diario\/wp-json\/wp\/v2\/comments?post=30904"}],"version-history":[{"count":1,"href":"https:\/\/armstrongyregion.com.ar\/diario\/wp-json\/wp\/v2\/posts\/30904\/revisions"}],"predecessor-version":[{"id":30906,"href":"https:\/\/armstrongyregion.com.ar\/diario\/wp-json\/wp\/v2\/posts\/30904\/revisions\/30906"}],"wp:featuredmedia":[{"embeddable":true,"href":"https:\/\/armstrongyregion.com.ar\/diario\/wp-json\/wp\/v2\/media\/30905"}],"wp:attachment":[{"href":"https:\/\/armstrongyregion.com.ar\/diario\/wp-json\/wp\/v2\/media?parent=30904"}],"wp:term":[{"taxonomy":"category","embeddable":true,"href":"https:\/\/armstrongyregion.com.ar\/diario\/wp-json\/wp\/v2\/categories?post=30904"},{"taxonomy":"post_tag","embeddable":true,"href":"https:\/\/armstrongyregion.com.ar\/diario\/wp-json\/wp\/v2\/tags?post=30904"}],"curies":[{"name":"wp","href":"https:\/\/api.w.org\/{rel}","templated":true}]}}