{"id":30895,"date":"2021-07-01T15:27:15","date_gmt":"2021-07-01T15:27:15","guid":{"rendered":"https:\/\/armstrongyregion.com.ar\/diario\/?p=30895"},"modified":"2021-07-01T15:27:17","modified_gmt":"2021-07-01T15:27:17","slug":"el-bloque-oficialista-adhirio-al-proyecto-de-ley-armstrong-capital-nacional-del-atletismo","status":"publish","type":"post","link":"https:\/\/armstrongyregion.com.ar\/diario\/el-bloque-oficialista-adhirio-al-proyecto-de-ley-armstrong-capital-nacional-del-atletismo\/","title":{"rendered":"El bloque oficialista adhiri\u00f3 al proyecto de ley \u00abArmstrong Capital Nacional del Atletismo\u00bb."},"content":{"rendered":"\n<figure class=\"wp-block-image size-large\"><img loading=\"lazy\" decoding=\"async\" width=\"540\" height=\"320\" src=\"http:\/\/armstrongyregion.com.ar\/diario\/wp-content\/uploads\/2020\/11\/Ale-Pertusati-2020.noviembre.jpg\" alt=\"\" class=\"wp-image-27815\" srcset=\"https:\/\/armstrongyregion.com.ar\/diario\/wp-content\/uploads\/2020\/11\/Ale-Pertusati-2020.noviembre.jpg 540w, https:\/\/armstrongyregion.com.ar\/diario\/wp-content\/uploads\/2020\/11\/Ale-Pertusati-2020.noviembre-300x178.jpg 300w\" sizes=\"auto, (max-width: 540px) 100vw, 540px\" \/><\/figure>\n\n\n\n<p>\nEl concejal Alejandro Pertusati, en\ndialogo con este medio expresaba: \u201cDesde nuestro bloque \npresentamos una adhesi\u00f3n al proyecto de Ley del Diputado Radical\nJuan Mart\u00edn, quien propone a Armstrong como capital nacional del\natletismo, recordamos que este proyecto hab\u00eda sido presentado por el\nex diputado Hugo Marcucci, por el a\u00f1o 2016, tanto el intendente\nVerdecchia como varios ediles en su momento fuimos a hablar con la\ncomisi\u00f3n que en ese momento presidia el ex-diputado Daniel Scioli y\nexpusimos los porque Armstrong, merec\u00eda ese titulo de capital\nnacional de atletismo enarbolando por supuesto la figura de Delfo\nCabrera\u201d. \n<\/p>\n\n\n\n<p> Pertusati a\u00f1adi\u00f3: \u201cSe hab\u00eda dado el visto bueno, luego nunca sali\u00f3 de comisi\u00f3n. Esperemos esta vez tener una respuesta positiva para la aprobaci\u00f3n del proyecto. Para nuestra ciudad seria muy importante. Hacemos mucho hincapi\u00e9 en la trascendencia nacional e internacional que ha tenido la figura de Delfo Cabrera recordemos que fue premiado con KONEX en el a\u00f1o 80 como uno de los cinco deportistas mas importantes del pa\u00eds, tambi\u00e9n quiero recordar que lleva su nombre la pista principal de atletismo, el mismo senado de la naci\u00f3n en 1999 instituy\u00f3 el premio Delfo Cabrera al m\u00e9rito deportivo. Creo que son todas cosas que suman a que el proyecto se apruebe y por supuesto quedamos a disposici\u00f3n de los diputados y diputadas que quieran hacernos cualquier consulta, no tenemos ninguna duda de que Armstrong tiene que ser declarada capital nacional del Atletismo\u201d. Finaliz\u00f3 el edil.<\/p>\n","protected":false},"excerpt":{"rendered":"<p>El concejal Alejandro Pertusati, en dialogo con este medio expresaba: \u201cDesde nuestro bloque presentamos una adhesi\u00f3n al proyecto de Ley del Diputado Radical Juan Mart\u00edn, quien propone a Armstrong como capital nacional del atletismo, recordamos que este proyecto hab\u00eda sido presentado por el ex diputado Hugo Marcucci, por el a\u00f1o 2016, tanto el intendente Verdecchia <a href=\"https:\/\/armstrongyregion.com.ar\/diario\/el-bloque-oficialista-adhirio-al-proyecto-de-ley-armstrong-capital-nacional-del-atletismo\/\" title=\"Read more\" >&#8230;<\/a><\/p>\n","protected":false},"author":1,"featured_media":27815,"comment_status":"open","ping_status":"open","sticky":false,"template":"","format":"image","meta":{"_jetpack_memberships_contains_paid_content":false,"footnotes":"","jetpack_publicize_message":"","jetpack_publicize_feature_enabled":true,"jetpack_social_post_already_shared":true,"jetpack_social_options":{"image_generator_settings":{"template":"highway","default_image_id":0,"enabled":false},"version":2}},"categories":[8,5,1,2],"tags":[],"class_list":["post-30895","post","type-post","status-publish","format-image","has-post-thumbnail","hentry","category-deliberando","category-deportes","category-diario-armstrong","category-locales","post_format-post-format-image"],"jetpack_publicize_connections":[],"jetpack_featured_media_url":"https:\/\/armstrongyregion.com.ar\/diario\/wp-content\/uploads\/2020\/11\/Ale-Pertusati-2020.noviembre.jpg","jetpack_shortlink":"https:\/\/wp.me\/p62QDO-82j","jetpack_sharing_enabled":true,"amp_enabled":true,"_links":{"self":[{"href":"https:\/\/armstrongyregion.com.ar\/diario\/wp-json\/wp\/v2\/posts\/30895","targetHints":{"allow":["GET"]}}],"collection":[{"href":"https:\/\/armstrongyregion.com.ar\/diario\/wp-json\/wp\/v2\/posts"}],"about":[{"href":"https:\/\/armstrongyregion.com.ar\/diario\/wp-json\/wp\/v2\/types\/post"}],"author":[{"embeddable":true,"href":"https:\/\/armstrongyregion.com.ar\/diario\/wp-json\/wp\/v2\/users\/1"}],"replies":[{"embeddable":true,"href":"https:\/\/armstrongyregion.com.ar\/diario\/wp-json\/wp\/v2\/comments?post=30895"}],"version-history":[{"count":1,"href":"https:\/\/armstrongyregion.com.ar\/diario\/wp-json\/wp\/v2\/posts\/30895\/revisions"}],"predecessor-version":[{"id":30896,"href":"https:\/\/armstrongyregion.com.ar\/diario\/wp-json\/wp\/v2\/posts\/30895\/revisions\/30896"}],"wp:featuredmedia":[{"embeddable":true,"href":"https:\/\/armstrongyregion.com.ar\/diario\/wp-json\/wp\/v2\/media\/27815"}],"wp:attachment":[{"href":"https:\/\/armstrongyregion.com.ar\/diario\/wp-json\/wp\/v2\/media?parent=30895"}],"wp:term":[{"taxonomy":"category","embeddable":true,"href":"https:\/\/armstrongyregion.com.ar\/diario\/wp-json\/wp\/v2\/categories?post=30895"},{"taxonomy":"post_tag","embeddable":true,"href":"https:\/\/armstrongyregion.com.ar\/diario\/wp-json\/wp\/v2\/tags?post=30895"}],"curies":[{"name":"wp","href":"https:\/\/api.w.org\/{rel}","templated":true}]}}