{"id":30892,"date":"2021-07-01T13:59:33","date_gmt":"2021-07-01T13:59:33","guid":{"rendered":"https:\/\/armstrongyregion.com.ar\/diario\/?p=30892"},"modified":"2021-07-01T13:59:36","modified_gmt":"2021-07-01T13:59:36","slug":"avanza-la-reconstruccion-de-la-calzada-en-las-zonas-semaforizadas-de-la-ruta-9","status":"publish","type":"post","link":"https:\/\/armstrongyregion.com.ar\/diario\/avanza-la-reconstruccion-de-la-calzada-en-las-zonas-semaforizadas-de-la-ruta-9\/","title":{"rendered":"Avanza la reconstrucci\u00f3n de la calzada en las zonas semaforizadas de la Ruta 9."},"content":{"rendered":"\n<figure class=\"wp-block-image size-large\"><img loading=\"lazy\" decoding=\"async\" width=\"534\" height=\"443\" src=\"http:\/\/armstrongyregion.com.ar\/diario\/wp-content\/uploads\/2021\/07\/WhatsApp-Image-2021-06-30-at-12.13.48.jpg\" alt=\"\" class=\"wp-image-30893\" srcset=\"https:\/\/armstrongyregion.com.ar\/diario\/wp-content\/uploads\/2021\/07\/WhatsApp-Image-2021-06-30-at-12.13.48.jpg 534w, https:\/\/armstrongyregion.com.ar\/diario\/wp-content\/uploads\/2021\/07\/WhatsApp-Image-2021-06-30-at-12.13.48-300x249.jpg 300w\" sizes=\"auto, (max-width: 534px) 100vw, 534px\" \/><\/figure>\n\n\n\n<p> En la ma\u00f1ana de ayer qued\u00f3 habilitado el tr\u00e1nsito vehicular sobre el segundo tramo reparado de la traza de Avenida Santa Fe en intersecci\u00f3n con calle Laprida, para continuar la reparaci\u00f3n del sector de banquinas. \u00a0<br>La intendenta Stella Cl\u00e9rici y la secretaria de Obras P\u00fablicas recorrieron los trabajos junto a comerciantes y autoridades del Centro Econ\u00f3mico, en virtud del beneficio que significa esta obra para nuestra ciudad, la regi\u00f3n y al Centro Comercial a Cielo Abierto. Simult\u00e1neamente avanza el hormigonado en intersecci\u00f3n de Mitre, donde se intervino mano y banquina norte.<br>Cabe recordar que la obra en su totalidad contempla el hormigonado de cien metros a cada lado en las intersecciones de Alem, Laprida, San Mart\u00edn y Mitre con un paquete estructural de 65 cent\u00edmetros, cambiando pavimento flexible por una capa de hormig\u00f3n y un ancho entre calzada y banquina de 12 metros.<br>\u201cQued\u00f3 habilitada la intersecci\u00f3n con calle Laprida lo que nos pone cada d\u00eda m\u00e1s cerca de la finalizaci\u00f3n de esta mega obra, para la ciudad y la regi\u00f3n\u201d, destac\u00f3 Cl\u00e9rici. <\/p>\n","protected":false},"excerpt":{"rendered":"<p>En la ma\u00f1ana de ayer qued\u00f3 habilitado el tr\u00e1nsito vehicular sobre el segundo tramo reparado de la traza de Avenida Santa Fe en intersecci\u00f3n con calle Laprida, para continuar la reparaci\u00f3n del sector de banquinas. \u00a0La intendenta Stella Cl\u00e9rici y la secretaria de Obras P\u00fablicas recorrieron los trabajos junto a comerciantes y autoridades del Centro <a href=\"https:\/\/armstrongyregion.com.ar\/diario\/avanza-la-reconstruccion-de-la-calzada-en-las-zonas-semaforizadas-de-la-ruta-9\/\" title=\"Read more\" >&#8230;<\/a><\/p>\n","protected":false},"author":1,"featured_media":30893,"comment_status":"open","ping_status":"open","sticky":false,"template":"","format":"image","meta":{"_jetpack_memberships_contains_paid_content":false,"footnotes":"","jetpack_publicize_message":"","jetpack_publicize_feature_enabled":true,"jetpack_social_post_already_shared":true,"jetpack_social_options":{"image_generator_settings":{"template":"highway","default_image_id":0,"enabled":false},"version":2}},"categories":[8,1,2,3],"tags":[],"class_list":["post-30892","post","type-post","status-publish","format-image","has-post-thumbnail","hentry","category-deliberando","category-diario-armstrong","category-locales","category-region","post_format-post-format-image"],"jetpack_publicize_connections":[],"jetpack_featured_media_url":"https:\/\/armstrongyregion.com.ar\/diario\/wp-content\/uploads\/2021\/07\/WhatsApp-Image-2021-06-30-at-12.13.48.jpg","jetpack_shortlink":"https:\/\/wp.me\/p62QDO-82g","jetpack_sharing_enabled":true,"amp_enabled":true,"_links":{"self":[{"href":"https:\/\/armstrongyregion.com.ar\/diario\/wp-json\/wp\/v2\/posts\/30892","targetHints":{"allow":["GET"]}}],"collection":[{"href":"https:\/\/armstrongyregion.com.ar\/diario\/wp-json\/wp\/v2\/posts"}],"about":[{"href":"https:\/\/armstrongyregion.com.ar\/diario\/wp-json\/wp\/v2\/types\/post"}],"author":[{"embeddable":true,"href":"https:\/\/armstrongyregion.com.ar\/diario\/wp-json\/wp\/v2\/users\/1"}],"replies":[{"embeddable":true,"href":"https:\/\/armstrongyregion.com.ar\/diario\/wp-json\/wp\/v2\/comments?post=30892"}],"version-history":[{"count":1,"href":"https:\/\/armstrongyregion.com.ar\/diario\/wp-json\/wp\/v2\/posts\/30892\/revisions"}],"predecessor-version":[{"id":30894,"href":"https:\/\/armstrongyregion.com.ar\/diario\/wp-json\/wp\/v2\/posts\/30892\/revisions\/30894"}],"wp:featuredmedia":[{"embeddable":true,"href":"https:\/\/armstrongyregion.com.ar\/diario\/wp-json\/wp\/v2\/media\/30893"}],"wp:attachment":[{"href":"https:\/\/armstrongyregion.com.ar\/diario\/wp-json\/wp\/v2\/media?parent=30892"}],"wp:term":[{"taxonomy":"category","embeddable":true,"href":"https:\/\/armstrongyregion.com.ar\/diario\/wp-json\/wp\/v2\/categories?post=30892"},{"taxonomy":"post_tag","embeddable":true,"href":"https:\/\/armstrongyregion.com.ar\/diario\/wp-json\/wp\/v2\/tags?post=30892"}],"curies":[{"name":"wp","href":"https:\/\/api.w.org\/{rel}","templated":true}]}}