{"id":30884,"date":"2021-06-30T20:13:38","date_gmt":"2021-06-30T20:13:38","guid":{"rendered":"https:\/\/armstrongyregion.com.ar\/diario\/?p=30884"},"modified":"2021-06-30T20:13:40","modified_gmt":"2021-06-30T20:13:40","slug":"concurso-del-pro-secretario-visita-de-los-postulantes-al-concejo-municipal","status":"publish","type":"post","link":"https:\/\/armstrongyregion.com.ar\/diario\/concurso-del-pro-secretario-visita-de-los-postulantes-al-concejo-municipal\/","title":{"rendered":"Concurso del Pro-secretario, visita de los postulantes al Concejo Municipal."},"content":{"rendered":"\n<figure class=\"wp-block-image size-large\"><img loading=\"lazy\" decoding=\"async\" width=\"640\" height=\"480\" src=\"http:\/\/armstrongyregion.com.ar\/diario\/wp-content\/uploads\/2021\/06\/concurso-1-.jpg\" alt=\"\" class=\"wp-image-30885\" srcset=\"https:\/\/armstrongyregion.com.ar\/diario\/wp-content\/uploads\/2021\/06\/concurso-1-.jpg 640w, https:\/\/armstrongyregion.com.ar\/diario\/wp-content\/uploads\/2021\/06\/concurso-1--300x225.jpg 300w\" sizes=\"auto, (max-width: 640px) 100vw, 640px\" \/><\/figure>\n\n\n\n<p> En la sesi\u00f3n del martes \u00faltimo, se hicieron presentes los 10 postulantes que est\u00e1n concursando para el cargo de Pro-secretario del Concejo Municipal de nuestra ciudad, los cuales hab\u00edan sido invitados por todos los concejales actuales, para que ellos pudieran\u00a0 observar una Sesi\u00f3n Ordinaria y al mismo tiempo conocer el desempe\u00f1o que desarrolla el cargo a concursar.<\/p>\n\n\n\n<figure class=\"wp-block-image size-large\"><img loading=\"lazy\" decoding=\"async\" width=\"504\" height=\"378\" src=\"http:\/\/armstrongyregion.com.ar\/diario\/wp-content\/uploads\/2021\/06\/concurso-2-.jpg\" alt=\"\" class=\"wp-image-30886\" srcset=\"https:\/\/armstrongyregion.com.ar\/diario\/wp-content\/uploads\/2021\/06\/concurso-2-.jpg 504w, https:\/\/armstrongyregion.com.ar\/diario\/wp-content\/uploads\/2021\/06\/concurso-2--300x225.jpg 300w\" sizes=\"auto, (max-width: 504px) 100vw, 504px\" \/><\/figure>\n\n\n\n<p>Dicho concurso contin\u00faa este jueves 01 de julio,\u00a0 con otra instancia de evaluaci\u00f3n, en donde se requerir\u00e1 la\u00a0elaboraci\u00f3n de actas y documentos legislativos, \u00a0manejo de los programas Word y\u00a0 Excel (Planilla de c\u00e1lculo).<\/p>\n\n\n\n<figure class=\"wp-block-image size-large\"><img loading=\"lazy\" decoding=\"async\" width=\"640\" height=\"480\" src=\"http:\/\/armstrongyregion.com.ar\/diario\/wp-content\/uploads\/2021\/06\/concurso-3-.jpg\" alt=\"\" class=\"wp-image-30887\" srcset=\"https:\/\/armstrongyregion.com.ar\/diario\/wp-content\/uploads\/2021\/06\/concurso-3-.jpg 640w, https:\/\/armstrongyregion.com.ar\/diario\/wp-content\/uploads\/2021\/06\/concurso-3--300x225.jpg 300w\" sizes=\"auto, (max-width: 640px) 100vw, 640px\" \/><\/figure>\n\n\n\n<p> La instancia final, ser\u00e1 una entrevista personal hecha por ex-concejales\u00a0 representando a los tres bloque que integran el\u00a0 Concejo Municipal de Armstrong.<br><\/p>\n","protected":false},"excerpt":{"rendered":"<p>En la sesi\u00f3n del martes \u00faltimo, se hicieron presentes los 10 postulantes que est\u00e1n concursando para el cargo de Pro-secretario del Concejo Municipal de nuestra ciudad, los cuales hab\u00edan sido invitados por todos los concejales actuales, para que ellos pudieran\u00a0 observar una Sesi\u00f3n Ordinaria y al mismo tiempo conocer el desempe\u00f1o que desarrolla el cargo <a href=\"https:\/\/armstrongyregion.com.ar\/diario\/concurso-del-pro-secretario-visita-de-los-postulantes-al-concejo-municipal\/\" title=\"Read more\" >&#8230;<\/a><\/p>\n","protected":false},"author":1,"featured_media":30885,"comment_status":"open","ping_status":"open","sticky":false,"template":"","format":"image","meta":{"_jetpack_memberships_contains_paid_content":false,"footnotes":"","jetpack_publicize_message":"","jetpack_publicize_feature_enabled":true,"jetpack_social_post_already_shared":true,"jetpack_social_options":{"image_generator_settings":{"template":"highway","default_image_id":0,"enabled":false},"version":2}},"categories":[8,1,2,7],"tags":[],"class_list":["post-30884","post","type-post","status-publish","format-image","has-post-thumbnail","hentry","category-deliberando","category-diario-armstrong","category-locales","category-politica","post_format-post-format-image"],"jetpack_publicize_connections":[],"jetpack_featured_media_url":"https:\/\/armstrongyregion.com.ar\/diario\/wp-content\/uploads\/2021\/06\/concurso-1-.jpg","jetpack_shortlink":"https:\/\/wp.me\/p62QDO-828","jetpack_sharing_enabled":true,"amp_enabled":true,"_links":{"self":[{"href":"https:\/\/armstrongyregion.com.ar\/diario\/wp-json\/wp\/v2\/posts\/30884","targetHints":{"allow":["GET"]}}],"collection":[{"href":"https:\/\/armstrongyregion.com.ar\/diario\/wp-json\/wp\/v2\/posts"}],"about":[{"href":"https:\/\/armstrongyregion.com.ar\/diario\/wp-json\/wp\/v2\/types\/post"}],"author":[{"embeddable":true,"href":"https:\/\/armstrongyregion.com.ar\/diario\/wp-json\/wp\/v2\/users\/1"}],"replies":[{"embeddable":true,"href":"https:\/\/armstrongyregion.com.ar\/diario\/wp-json\/wp\/v2\/comments?post=30884"}],"version-history":[{"count":1,"href":"https:\/\/armstrongyregion.com.ar\/diario\/wp-json\/wp\/v2\/posts\/30884\/revisions"}],"predecessor-version":[{"id":30888,"href":"https:\/\/armstrongyregion.com.ar\/diario\/wp-json\/wp\/v2\/posts\/30884\/revisions\/30888"}],"wp:featuredmedia":[{"embeddable":true,"href":"https:\/\/armstrongyregion.com.ar\/diario\/wp-json\/wp\/v2\/media\/30885"}],"wp:attachment":[{"href":"https:\/\/armstrongyregion.com.ar\/diario\/wp-json\/wp\/v2\/media?parent=30884"}],"wp:term":[{"taxonomy":"category","embeddable":true,"href":"https:\/\/armstrongyregion.com.ar\/diario\/wp-json\/wp\/v2\/categories?post=30884"},{"taxonomy":"post_tag","embeddable":true,"href":"https:\/\/armstrongyregion.com.ar\/diario\/wp-json\/wp\/v2\/tags?post=30884"}],"curies":[{"name":"wp","href":"https:\/\/api.w.org\/{rel}","templated":true}]}}