{"id":30867,"date":"2021-06-29T15:59:12","date_gmt":"2021-06-29T15:59:12","guid":{"rendered":"https:\/\/armstrongyregion.com.ar\/diario\/?p=30867"},"modified":"2021-06-29T15:59:15","modified_gmt":"2021-06-29T15:59:15","slug":"visita-de-la-dip-nac-lucila-lehmann-a-armstrong","status":"publish","type":"post","link":"https:\/\/armstrongyregion.com.ar\/diario\/visita-de-la-dip-nac-lucila-lehmann-a-armstrong\/","title":{"rendered":"Visita de la Dip. Nac. Lucila Lehmann a Armstrong."},"content":{"rendered":"\n<figure class=\"wp-block-image size-large\"><img loading=\"lazy\" decoding=\"async\" width=\"1050\" height=\"700\" src=\"https:\/\/i1.wp.com\/armstrongyregion.com.ar\/diario\/wp-content\/uploads\/2021\/06\/visita_lehmann_1.jpeg?fit=800%2C534&amp;ssl=1\" alt=\"\" class=\"wp-image-30868\" srcset=\"https:\/\/armstrongyregion.com.ar\/diario\/wp-content\/uploads\/2021\/06\/visita_lehmann_1.jpeg 1050w, https:\/\/armstrongyregion.com.ar\/diario\/wp-content\/uploads\/2021\/06\/visita_lehmann_1-300x200.jpeg 300w, https:\/\/armstrongyregion.com.ar\/diario\/wp-content\/uploads\/2021\/06\/visita_lehmann_1-1024x683.jpeg 1024w, https:\/\/armstrongyregion.com.ar\/diario\/wp-content\/uploads\/2021\/06\/visita_lehmann_1-768x512.jpeg 768w\" sizes=\"auto, (max-width: 1050px) 100vw, 1050px\" \/><\/figure>\n\n\n\n<h2 class=\"wp-block-heading\"> En la ma\u00f1ana del lunes 28 de junio y en dependencias de la Municipalidad de Armstrong, el Intendente Dr. Pablo Verdecchia recibi\u00f3 a la Diputada Nacional por la provincia de Santa Fe Dra. Lucila Lehmann. <\/h2>\n\n\n\n<figure class=\"wp-block-image\"><img decoding=\"async\" src=\"http:\/\/www.armstrong.gov.ar\/2020\/images\/articulos2021\/visita_lehmann_2.jpeg\" alt=\"visita lehmann 2\"\/><\/figure>\n\n\n\n<p><\/p>\n\n\n\n<p>El objetivo de esta visita fue interiorizarse e interesarse sobre temas en los que desde su banca pueda colaborar para tratar de darle soluciones tanto a nuestra ciudad como al pa\u00eds en general.<\/p>\n\n\n\n<p>Por su parte, el Intendente Verdecchia le inform\u00f3 cu\u00e1l es la situaci\u00f3n en general, c\u00f3mo se est\u00e1 viviendo y manifest\u00f3 su decisi\u00f3n de acompa\u00f1ar alternativas que puedan darle soluciones a determinadas cuestiones que tienen que ver con las cadenas de valor productivas que afectan directamente a nuestra ciudad en los sectores productivos agropecuarios.<\/p>\n\n\n\n<figure class=\"wp-block-image\"><img decoding=\"async\" src=\"http:\/\/www.armstrong.gov.ar\/2020\/images\/articulos2021\/visita_lehmann_1.jpeg\" alt=\"visita lehmann 1\"\/><\/figure>\n\n\n\n<p>Lehmann remarc\u00f3 que para ella \u201ces un placer estar en Armstrong, cuna del desarrollo en lo agroindustrial, un ejemplo para Santa Fe y representa todo aquello que queremos lograr. Siempre rescato algunos ejemplos de empresas armstronenses que empezaron hace 2 \u00f3 3 generaciones, es ese ejemplo de la Argentina del ascenso, del desarrollo\u201d, dijo.<\/p>\n","protected":false},"excerpt":{"rendered":"<p>En la ma\u00f1ana del lunes 28 de junio y en dependencias de la Municipalidad de Armstrong, el Intendente Dr. Pablo Verdecchia recibi\u00f3 a la Diputada Nacional por la provincia de Santa Fe Dra. Lucila Lehmann. El objetivo de esta visita fue interiorizarse e interesarse sobre temas en los que desde su banca pueda colaborar para <a href=\"https:\/\/armstrongyregion.com.ar\/diario\/visita-de-la-dip-nac-lucila-lehmann-a-armstrong\/\" title=\"Read more\" >&#8230;<\/a><\/p>\n","protected":false},"author":1,"featured_media":30868,"comment_status":"open","ping_status":"open","sticky":false,"template":"","format":"image","meta":{"_jetpack_memberships_contains_paid_content":false,"footnotes":"","jetpack_publicize_message":"","jetpack_publicize_feature_enabled":true,"jetpack_social_post_already_shared":true,"jetpack_social_options":{"image_generator_settings":{"template":"highway","default_image_id":0,"enabled":false},"version":2}},"categories":[8,1,2,7,3],"tags":[],"class_list":["post-30867","post","type-post","status-publish","format-image","has-post-thumbnail","hentry","category-deliberando","category-diario-armstrong","category-locales","category-politica","category-region","post_format-post-format-image"],"jetpack_publicize_connections":[],"jetpack_featured_media_url":"https:\/\/armstrongyregion.com.ar\/diario\/wp-content\/uploads\/2021\/06\/visita_lehmann_1.jpeg","jetpack_shortlink":"https:\/\/wp.me\/p62QDO-81R","jetpack_sharing_enabled":true,"amp_enabled":true,"_links":{"self":[{"href":"https:\/\/armstrongyregion.com.ar\/diario\/wp-json\/wp\/v2\/posts\/30867","targetHints":{"allow":["GET"]}}],"collection":[{"href":"https:\/\/armstrongyregion.com.ar\/diario\/wp-json\/wp\/v2\/posts"}],"about":[{"href":"https:\/\/armstrongyregion.com.ar\/diario\/wp-json\/wp\/v2\/types\/post"}],"author":[{"embeddable":true,"href":"https:\/\/armstrongyregion.com.ar\/diario\/wp-json\/wp\/v2\/users\/1"}],"replies":[{"embeddable":true,"href":"https:\/\/armstrongyregion.com.ar\/diario\/wp-json\/wp\/v2\/comments?post=30867"}],"version-history":[{"count":1,"href":"https:\/\/armstrongyregion.com.ar\/diario\/wp-json\/wp\/v2\/posts\/30867\/revisions"}],"predecessor-version":[{"id":30869,"href":"https:\/\/armstrongyregion.com.ar\/diario\/wp-json\/wp\/v2\/posts\/30867\/revisions\/30869"}],"wp:featuredmedia":[{"embeddable":true,"href":"https:\/\/armstrongyregion.com.ar\/diario\/wp-json\/wp\/v2\/media\/30868"}],"wp:attachment":[{"href":"https:\/\/armstrongyregion.com.ar\/diario\/wp-json\/wp\/v2\/media?parent=30867"}],"wp:term":[{"taxonomy":"category","embeddable":true,"href":"https:\/\/armstrongyregion.com.ar\/diario\/wp-json\/wp\/v2\/categories?post=30867"},{"taxonomy":"post_tag","embeddable":true,"href":"https:\/\/armstrongyregion.com.ar\/diario\/wp-json\/wp\/v2\/tags?post=30867"}],"curies":[{"name":"wp","href":"https:\/\/api.w.org\/{rel}","templated":true}]}}