{"id":30843,"date":"2021-06-27T01:18:32","date_gmt":"2021-06-27T01:18:32","guid":{"rendered":"https:\/\/armstrongyregion.com.ar\/diario\/?p=30843"},"modified":"2021-06-27T01:18:35","modified_gmt":"2021-06-27T01:18:35","slug":"el-lunes-28-de-junio-vuelven-las-clases-presenciales-tambien-en-secundarias","status":"publish","type":"post","link":"https:\/\/armstrongyregion.com.ar\/diario\/el-lunes-28-de-junio-vuelven-las-clases-presenciales-tambien-en-secundarias\/","title":{"rendered":"El lunes 28 de junio vuelven las clases presenciales tambi\u00e9n en secundarias."},"content":{"rendered":"\n<figure class=\"wp-block-image size-large\"><img loading=\"lazy\" decoding=\"async\" width=\"722\" height=\"442\" src=\"http:\/\/armstrongyregion.com.ar\/diario\/wp-content\/uploads\/2021\/06\/alumnos-secu-.jpg\" alt=\"\" class=\"wp-image-30845\" srcset=\"https:\/\/armstrongyregion.com.ar\/diario\/wp-content\/uploads\/2021\/06\/alumnos-secu-.jpg 722w, https:\/\/armstrongyregion.com.ar\/diario\/wp-content\/uploads\/2021\/06\/alumnos-secu--300x184.jpg 300w\" sizes=\"auto, (max-width: 722px) 100vw, 722px\" \/><\/figure>\n\n\n\n<h2 class=\"wp-block-heading\"> Habr\u00e1 presencialidad en los niveles inicial y primario de toda la provincia. Y tambi\u00e9n regresa la educaci\u00f3n secundaria, salvo departamentos Rosario y La Capital. <\/h2>\n\n\n\n<p>CIRCULAR N\u00b0 017 &#8211; 25 de junio de 2021<br><br>&nbsp;A las\/os Delegadas\/os Regionales I a IX<br>&nbsp;A las\/os Coordinadores Pedag\u00f3gicos<br>&nbsp;A las\/os Supervisores<br>&nbsp;A las\/os Directivos de las instituciones educativas de la Provincia &nbsp;<\/p>\n\n\n\n<p>Al d\u00eda de la fecha la evaluaci\u00f3n de los indicadores sanitarios en la provincia de Santa Fe muestran una mejora sostenida y estos datos alentadores nos permiten ampliar la recuperaci\u00f3n de presencialidad en nuestras escuelas de la trayectoria obligatoria,&nbsp;<strong>por tal motivo nos proponemos retomar el cursado con presencialidad y bimodalidad en los niveles inicial y primario en todo el territorio provincial a partir de la pr\u00f3xima semana.<\/strong><\/p>\n\n\n\n<p><strong>En todos los departamentos de la provincia que no se encuentran en estado de alarma epidemiol\u00f3gica a partir de la pr\u00f3xima semana,&nbsp;tambi\u00e9n se retoma la actividad presencial cuidada en las escuelas de nivel secundario.&nbsp;<\/strong>Esta incorporaci\u00f3n en consecuencia, excluye a los departamentos Rosario y La Capital.<\/p>\n\n\n\n<p>Todos los niveles y modalidades que permanecen en el formato de educaci\u00f3n en la distancia continuaran con los modos de intervenci\u00f3n mantenidos hasta el momento insistiendo en la importancia que tienen las tutor\u00edas y consultas en peque\u00f1os grupos.<\/p>\n\n\n\n<p>Reiteramos nuestra recomendaci\u00f3n de extremar la prevenci\u00f3n evitandocirculaci\u00f3n innecesaria de personas y la aplicaci\u00f3n de los dispositivos de cuidado para hacer posible que esta medidas puedan sostenerse en el tiempo.Los saluda cordialmente<\/p>\n\n\n\n<p>Firmado: Lic. Adriana Cantero &#8211; Ministra de Educaci\u00f3n de la Provincia de Santa Fe<\/p>\n","protected":false},"excerpt":{"rendered":"<p>Habr\u00e1 presencialidad en los niveles inicial y primario de toda la provincia. Y tambi\u00e9n regresa la educaci\u00f3n secundaria, salvo departamentos Rosario y La Capital. CIRCULAR N\u00b0 017 &#8211; 25 de junio de 2021 &nbsp;A las\/os Delegadas\/os Regionales I a IX&nbsp;A las\/os Coordinadores Pedag\u00f3gicos&nbsp;A las\/os Supervisores&nbsp;A las\/os Directivos de las instituciones educativas de la Provincia &nbsp; <a href=\"https:\/\/armstrongyregion.com.ar\/diario\/el-lunes-28-de-junio-vuelven-las-clases-presenciales-tambien-en-secundarias\/\" title=\"Read more\" >&#8230;<\/a><\/p>\n","protected":false},"author":1,"featured_media":30845,"comment_status":"open","ping_status":"open","sticky":false,"template":"","format":"image","meta":{"_jetpack_memberships_contains_paid_content":false,"footnotes":"","jetpack_publicize_message":"","jetpack_publicize_feature_enabled":true,"jetpack_social_post_already_shared":true,"jetpack_social_options":{"image_generator_settings":{"template":"highway","default_image_id":0,"enabled":false},"version":2}},"categories":[6,8,1,2,7,3],"tags":[],"class_list":["post-30843","post","type-post","status-publish","format-image","has-post-thumbnail","hentry","category-cultura-entretenimiento","category-deliberando","category-diario-armstrong","category-locales","category-politica","category-region","post_format-post-format-image"],"jetpack_publicize_connections":[],"jetpack_featured_media_url":"https:\/\/armstrongyregion.com.ar\/diario\/wp-content\/uploads\/2021\/06\/alumnos-secu-.jpg","jetpack_shortlink":"https:\/\/wp.me\/p62QDO-81t","jetpack_sharing_enabled":true,"amp_enabled":true,"_links":{"self":[{"href":"https:\/\/armstrongyregion.com.ar\/diario\/wp-json\/wp\/v2\/posts\/30843","targetHints":{"allow":["GET"]}}],"collection":[{"href":"https:\/\/armstrongyregion.com.ar\/diario\/wp-json\/wp\/v2\/posts"}],"about":[{"href":"https:\/\/armstrongyregion.com.ar\/diario\/wp-json\/wp\/v2\/types\/post"}],"author":[{"embeddable":true,"href":"https:\/\/armstrongyregion.com.ar\/diario\/wp-json\/wp\/v2\/users\/1"}],"replies":[{"embeddable":true,"href":"https:\/\/armstrongyregion.com.ar\/diario\/wp-json\/wp\/v2\/comments?post=30843"}],"version-history":[{"count":1,"href":"https:\/\/armstrongyregion.com.ar\/diario\/wp-json\/wp\/v2\/posts\/30843\/revisions"}],"predecessor-version":[{"id":30846,"href":"https:\/\/armstrongyregion.com.ar\/diario\/wp-json\/wp\/v2\/posts\/30843\/revisions\/30846"}],"wp:featuredmedia":[{"embeddable":true,"href":"https:\/\/armstrongyregion.com.ar\/diario\/wp-json\/wp\/v2\/media\/30845"}],"wp:attachment":[{"href":"https:\/\/armstrongyregion.com.ar\/diario\/wp-json\/wp\/v2\/media?parent=30843"}],"wp:term":[{"taxonomy":"category","embeddable":true,"href":"https:\/\/armstrongyregion.com.ar\/diario\/wp-json\/wp\/v2\/categories?post=30843"},{"taxonomy":"post_tag","embeddable":true,"href":"https:\/\/armstrongyregion.com.ar\/diario\/wp-json\/wp\/v2\/tags?post=30843"}],"curies":[{"name":"wp","href":"https:\/\/api.w.org\/{rel}","templated":true}]}}