{"id":30840,"date":"2021-06-27T01:11:11","date_gmt":"2021-06-27T01:11:11","guid":{"rendered":"https:\/\/armstrongyregion.com.ar\/diario\/?p=30840"},"modified":"2021-06-27T01:11:14","modified_gmt":"2021-06-27T01:11:14","slug":"un-hombre-de-las-rosas-fue-condenado-a-8-anos-de-prision-por-abuso-sexual","status":"publish","type":"post","link":"https:\/\/armstrongyregion.com.ar\/diario\/un-hombre-de-las-rosas-fue-condenado-a-8-anos-de-prision-por-abuso-sexual\/","title":{"rendered":"Un hombre de Las Rosas fue condenado a 8 a\u00f1os de prisi\u00f3n por abuso sexual."},"content":{"rendered":"\n<figure class=\"wp-block-image size-large\"><img loading=\"lazy\" decoding=\"async\" width=\"490\" height=\"379\" src=\"http:\/\/armstrongyregion.com.ar\/diario\/wp-content\/uploads\/2021\/06\/acusacion-.jpg\" alt=\"\" class=\"wp-image-30841\" srcset=\"https:\/\/armstrongyregion.com.ar\/diario\/wp-content\/uploads\/2021\/06\/acusacion-.jpg 490w, https:\/\/armstrongyregion.com.ar\/diario\/wp-content\/uploads\/2021\/06\/acusacion--300x232.jpg 300w\" sizes=\"auto, (max-width: 490px) 100vw, 490px\" \/><\/figure>\n\n\n\n<h2 class=\"wp-block-heading\"> La pena fue impuesta por los jueces Eugenio Romanini, Carlos Pareto y Mariel Minetti en un Juicio Oral que concluy\u00f3 el d\u00eda viernes. <\/h2>\n\n\n\n<p>El d\u00eda viernes 19 de junio de 2020 en sede Ca\u00f1ada de G\u00f3mez finaliz\u00f3 Juicio oral de la Fiscal\u00eda Regional Segunda Circunscripci\u00f3n, donde el Tribunal pluripersonal compuesto por los Jueces de Primera Instancia Dres. Eugenio Romanini, Carlos Pareto y Mariel Minetti resolvi\u00f3 condenar a A.S.P.&nbsp;<strong>a la pena de 8 a\u00f1os de prisi\u00f3n efectiva&nbsp;<\/strong>por los delitos de abuso sexual gravemente ultrajante, agravado por haber sido cometido por un ascendiente y en perjuicio de un menor de 18 a\u00f1os de edad, aprovechando la situaci\u00f3n de convivencia preexistente en car\u00e1cter de autor. Fue absuelto por el estricto beneficio de la duda por el delito de Corrupci\u00f3n de menores.&nbsp;<\/p>\n\n\n\n<p>El Fiscal Dr. Santiago Tosco le atribuy\u00f3 haber abusado sexualmente en reiteradas ocasiones de la v\u00edctima menor de 5 a\u00f1os. Los hechos ocurrieron desde marzo a septiembre del a\u00f1o 2019 en la localidad de Las Rosas. Los dem\u00e1s datos en relaci\u00f3n a la mec\u00e1nica de los hechos y la identidad de la v\u00edctima se preservan para reservar a la misma.&nbsp;<\/p>\n\n\n\n<p>La Fiscal\u00eda hab\u00eda solicitado la pena de 15 a\u00f1os de prisi\u00f3n efectiva.<\/p>\n\n\n\n<p>Fuente:&nbsp;<a href=\"https:\/\/mpa.santafe.gov.ar\/news\/view\/condenaron_a_8_a_os_de_prisi_n_a_un_hombre_como_autor_de_varios_hechos_de_abuso_sexual_contra_un_men\" rel=\"noreferrer noopener\" target=\"_blank\">Prensa Ministerio P\u00fablico de la Acusaci\u00f3n<\/a><\/p>\n","protected":false},"excerpt":{"rendered":"<p>La pena fue impuesta por los jueces Eugenio Romanini, Carlos Pareto y Mariel Minetti en un Juicio Oral que concluy\u00f3 el d\u00eda viernes. El d\u00eda viernes 19 de junio de 2020 en sede Ca\u00f1ada de G\u00f3mez finaliz\u00f3 Juicio oral de la Fiscal\u00eda Regional Segunda Circunscripci\u00f3n, donde el Tribunal pluripersonal compuesto por los Jueces de Primera <a href=\"https:\/\/armstrongyregion.com.ar\/diario\/un-hombre-de-las-rosas-fue-condenado-a-8-anos-de-prision-por-abuso-sexual\/\" title=\"Read more\" >&#8230;<\/a><\/p>\n","protected":false},"author":1,"featured_media":30841,"comment_status":"open","ping_status":"open","sticky":false,"template":"","format":"image","meta":{"_jetpack_memberships_contains_paid_content":false,"footnotes":"","jetpack_publicize_message":"","jetpack_publicize_feature_enabled":true,"jetpack_social_post_already_shared":true,"jetpack_social_options":{"image_generator_settings":{"template":"highway","default_image_id":0,"enabled":false},"version":2}},"categories":[8,1,7,3],"tags":[],"class_list":["post-30840","post","type-post","status-publish","format-image","has-post-thumbnail","hentry","category-deliberando","category-diario-armstrong","category-politica","category-region","post_format-post-format-image"],"jetpack_publicize_connections":[],"jetpack_featured_media_url":"https:\/\/armstrongyregion.com.ar\/diario\/wp-content\/uploads\/2021\/06\/acusacion-.jpg","jetpack_shortlink":"https:\/\/wp.me\/p62QDO-81q","jetpack_sharing_enabled":true,"amp_enabled":true,"_links":{"self":[{"href":"https:\/\/armstrongyregion.com.ar\/diario\/wp-json\/wp\/v2\/posts\/30840","targetHints":{"allow":["GET"]}}],"collection":[{"href":"https:\/\/armstrongyregion.com.ar\/diario\/wp-json\/wp\/v2\/posts"}],"about":[{"href":"https:\/\/armstrongyregion.com.ar\/diario\/wp-json\/wp\/v2\/types\/post"}],"author":[{"embeddable":true,"href":"https:\/\/armstrongyregion.com.ar\/diario\/wp-json\/wp\/v2\/users\/1"}],"replies":[{"embeddable":true,"href":"https:\/\/armstrongyregion.com.ar\/diario\/wp-json\/wp\/v2\/comments?post=30840"}],"version-history":[{"count":1,"href":"https:\/\/armstrongyregion.com.ar\/diario\/wp-json\/wp\/v2\/posts\/30840\/revisions"}],"predecessor-version":[{"id":30842,"href":"https:\/\/armstrongyregion.com.ar\/diario\/wp-json\/wp\/v2\/posts\/30840\/revisions\/30842"}],"wp:featuredmedia":[{"embeddable":true,"href":"https:\/\/armstrongyregion.com.ar\/diario\/wp-json\/wp\/v2\/media\/30841"}],"wp:attachment":[{"href":"https:\/\/armstrongyregion.com.ar\/diario\/wp-json\/wp\/v2\/media?parent=30840"}],"wp:term":[{"taxonomy":"category","embeddable":true,"href":"https:\/\/armstrongyregion.com.ar\/diario\/wp-json\/wp\/v2\/categories?post=30840"},{"taxonomy":"post_tag","embeddable":true,"href":"https:\/\/armstrongyregion.com.ar\/diario\/wp-json\/wp\/v2\/tags?post=30840"}],"curies":[{"name":"wp","href":"https:\/\/api.w.org\/{rel}","templated":true}]}}