{"id":30837,"date":"2021-06-26T03:50:39","date_gmt":"2021-06-26T03:50:39","guid":{"rendered":"https:\/\/armstrongyregion.com.ar\/diario\/?p=30837"},"modified":"2021-06-26T03:50:42","modified_gmt":"2021-06-26T03:50:42","slug":"entrevista-a-pablo-di-tomaso-en-un-homenaje-a-carlos-gardel","status":"publish","type":"post","link":"https:\/\/armstrongyregion.com.ar\/diario\/entrevista-a-pablo-di-tomaso-en-un-homenaje-a-carlos-gardel\/","title":{"rendered":"Entrevista a Pablo Di Tomaso en un Homenaje a Carlos Gardel."},"content":{"rendered":"\n<figure class=\"wp-block-image size-large\"><img loading=\"lazy\" decoding=\"async\" width=\"640\" height=\"360\" src=\"http:\/\/armstrongyregion.com.ar\/diario\/wp-content\/uploads\/2021\/06\/Carlos-Gardel-.jpg\" alt=\"\" class=\"wp-image-30838\" srcset=\"https:\/\/armstrongyregion.com.ar\/diario\/wp-content\/uploads\/2021\/06\/Carlos-Gardel-.jpg 640w, https:\/\/armstrongyregion.com.ar\/diario\/wp-content\/uploads\/2021\/06\/Carlos-Gardel--300x169.jpg 300w\" sizes=\"auto, (max-width: 640px) 100vw, 640px\" \/><\/figure>\n\n\n\n<p>\n\nEl 24 de junio se cumplen 86 a\u00f1os de aquel terrible episodio en Medellin, (Colombia), donde perdi\u00f3 la vida el cantante Carlos Gardel junto a gran parte de toda su comitiva.<br>La organizaci\u00f3n GARDEL SIGLO XX de CG Emprendimientos junto con TANGUERA RADIO, un medio de comunicaci\u00f3n multiplataforma que emite las 24 horas tango y cultura al mundo, har\u00e1 un recordatorio dedicado al artista que cambi\u00f3 la historia del tango.<br>A su memoria se presenta un (podcast) a cargo de la Direcci\u00f3n de programaciones e Institucionales de la emisora, en una entrevista realizada por Saide Abdal\u00e1 al historiador Pablo Di Tomaso, qui\u00e9n hasta el a\u00f1o 2020 fue Director del Museo Hist\u00f3rico Municipal de Ca\u00f1ada de G\u00f3mez en la Provincia de Santa Fe.&nbsp; &nbsp; &nbsp; &nbsp; &nbsp; &nbsp; &nbsp; &nbsp; &nbsp; &nbsp; &nbsp; &nbsp; &nbsp; &nbsp; &nbsp; &nbsp; &nbsp; &nbsp; &nbsp; &nbsp; &nbsp; &nbsp; &nbsp; &nbsp; &nbsp; &nbsp; &nbsp; &nbsp; &nbsp; &nbsp; &nbsp; &nbsp; &nbsp; &nbsp; &nbsp; &nbsp; &nbsp; &nbsp; &nbsp; &nbsp; &nbsp; &nbsp; &nbsp; &nbsp; &nbsp; &nbsp; &nbsp;<br>En la nota, el historiador nos cuenta una historia imperdible, an\u00e9cdotas testimoniales de las visitas y presentaciones de Carlos Gardel con sus guitarristas en la ciudad ca\u00f1adense donde siempre se lo recuerda. El cantante llega por primera vez a la hist\u00f3rica estaci\u00f3n un 14 de enero de 1930; a su vez retorna a la misma en el a\u00f1o1933, cuando estaba realizando algunas presentaciones en el interior del pa\u00eds poco tiempo antes de partir para siempre de su querida Argentina.<br>Como broche de distinci\u00f3n tambi\u00e9n en la semana de Gardel visitamos a Vincent Thomas en donde le realizamos una entrevista. Vincent es el \u00fanico hijo del siempre recordado Edmundo \u201c Pucho\u201d Guibourg, gran amigo de Gardel. En la actualidad reside junto a su esposa Pilar Thomas en la ciudad de Los \u00c1ngeles (Estados Unidos). El pasado mes de febrero cumpli\u00f3 cien a\u00f1os y hoy nos brinda en sus propias palabras los recuerdos que atesora y mantiene latentes al tiempo en sus vivencias de cuando ni\u00f1o conoci\u00f3 a Carlos Gardel. En 1927a su padre lo esperaba un puesto importante en Paris, Guibourg ser\u00eda corresponsal del diario argentino \u201cCritica\u201d por lo que con su familia emprenden un viaje inesperado que cambiar\u00eda su vida, hechos que marcaron su juventud y se ven reflejados en sus valiosas memorias que quedar\u00e1n por siempre en su libro \u201c El Gardel que yo conoc\u00ed\u201d, un pedido de su padre y en donde Vincent ha plasmado un per\u00edodo que ser\u00eda trascendental que abarca entre 1927 a 1938 convirti\u00e9ndose en un fan de Gardel que escucha en directo la trasmisi\u00f3n desde New York.<br>Vincent Thomas: Naci\u00f3 en 1921 en Detroit, Estados Unidos, vivi\u00f3 una gran parte en Argentina y un per\u00edodo en Paris, conoci\u00f3 a muchas personalidades de la historia gardeliana, a do\u00f1a Berta Gard\u00e9s, Armando Defino, Enrique De Rosas, Pedro Quartucci, Luis Pierotti entre otros.Hacia finales de la d\u00e9cada del 30 empieza a trabajar como actor teatral con roles en pel\u00edculas del cine argentino, la m\u00e1s conocida es \u201cPas\u00f3 en mi barrio\u201d con Tita Merello, luego se vuelca al periodismo y estando en Argentina, trabaja primero en el diario Cr\u00edtica y, luego en canal 13. En 1988 se jubila y decide radicarse en Los \u00c1ngeles. Sigue por unos a\u00f1os en el periodismo norteamericano, donde escribe para los diarios \u201cNoticias del Mundo\u201d y \u201cLa Opini\u00f3n\u201d. Hoy es miembro activo de la comunidad argentino \u2013 americana.<br><br>En los eventos programados de la galer\u00eda virtual de&nbsp;<a href=\"https:\/\/tangueraradio.com\/\" target=\"_blank\" rel=\"noreferrer noopener\">https:\/\/tangueraradio.com<\/a><a href=\"https:\/\/envivo.tangueraradio.com\/\" target=\"_blank\" rel=\"noreferrer noopener\">https:\/\/envivo.tangueraradio.com<\/a>&nbsp;las 24 hs; se podr\u00e1n ver im\u00e1genes de un pa\u00f1uelo blanco bordado que el cantante olvid\u00f3 en el Hotel Italia entre otros recuerdos que hoy exhibe el Museo Hist\u00f3rico de Ca\u00f1ada de G\u00f3mez.<br>La difusi\u00f3n de Gardel Siglo XX y CG emprende y desarrolla diversos homenajes a la figura ic\u00f3nica del Zorzal Criollo, con presentaciones de muestras tem\u00e1ticas y objetos de su historia. La muestra est\u00e1 declarada de Inter\u00e9s por el Gobierno de la Ciudad Aut\u00f3noma de Buenos Aires, Cultura y Turismo, Naci\u00f3n, Provincias, la Honorable Legislatura Porte\u00f1a, SADAIC, entre otras aprobaciones oficiales que avalan su creaci\u00f3n para el resguardo de la historia cultural Argentina.\n\n<\/p>\n","protected":false},"excerpt":{"rendered":"<p>El 24 de junio se cumplen 86 a\u00f1os de aquel terrible episodio en Medellin, (Colombia), donde perdi\u00f3 la vida el cantante Carlos Gardel junto a gran parte de toda su comitiva.La organizaci\u00f3n GARDEL SIGLO XX de CG Emprendimientos junto con TANGUERA RADIO, un medio de comunicaci\u00f3n multiplataforma que emite las 24 horas tango y cultura <a href=\"https:\/\/armstrongyregion.com.ar\/diario\/entrevista-a-pablo-di-tomaso-en-un-homenaje-a-carlos-gardel\/\" title=\"Read more\" >&#8230;<\/a><\/p>\n","protected":false},"author":1,"featured_media":30838,"comment_status":"open","ping_status":"open","sticky":false,"template":"","format":"image","meta":{"_jetpack_memberships_contains_paid_content":false,"footnotes":"","jetpack_publicize_message":"","jetpack_publicize_feature_enabled":true,"jetpack_social_post_already_shared":true,"jetpack_social_options":{"image_generator_settings":{"template":"highway","default_image_id":0,"enabled":false},"version":2}},"categories":[6,8,1,2,3],"tags":[],"class_list":["post-30837","post","type-post","status-publish","format-image","has-post-thumbnail","hentry","category-cultura-entretenimiento","category-deliberando","category-diario-armstrong","category-locales","category-region","post_format-post-format-image"],"jetpack_publicize_connections":[],"jetpack_featured_media_url":"https:\/\/armstrongyregion.com.ar\/diario\/wp-content\/uploads\/2021\/06\/Carlos-Gardel-.jpg","jetpack_shortlink":"https:\/\/wp.me\/p62QDO-81n","jetpack_sharing_enabled":true,"amp_enabled":true,"_links":{"self":[{"href":"https:\/\/armstrongyregion.com.ar\/diario\/wp-json\/wp\/v2\/posts\/30837","targetHints":{"allow":["GET"]}}],"collection":[{"href":"https:\/\/armstrongyregion.com.ar\/diario\/wp-json\/wp\/v2\/posts"}],"about":[{"href":"https:\/\/armstrongyregion.com.ar\/diario\/wp-json\/wp\/v2\/types\/post"}],"author":[{"embeddable":true,"href":"https:\/\/armstrongyregion.com.ar\/diario\/wp-json\/wp\/v2\/users\/1"}],"replies":[{"embeddable":true,"href":"https:\/\/armstrongyregion.com.ar\/diario\/wp-json\/wp\/v2\/comments?post=30837"}],"version-history":[{"count":1,"href":"https:\/\/armstrongyregion.com.ar\/diario\/wp-json\/wp\/v2\/posts\/30837\/revisions"}],"predecessor-version":[{"id":30839,"href":"https:\/\/armstrongyregion.com.ar\/diario\/wp-json\/wp\/v2\/posts\/30837\/revisions\/30839"}],"wp:featuredmedia":[{"embeddable":true,"href":"https:\/\/armstrongyregion.com.ar\/diario\/wp-json\/wp\/v2\/media\/30838"}],"wp:attachment":[{"href":"https:\/\/armstrongyregion.com.ar\/diario\/wp-json\/wp\/v2\/media?parent=30837"}],"wp:term":[{"taxonomy":"category","embeddable":true,"href":"https:\/\/armstrongyregion.com.ar\/diario\/wp-json\/wp\/v2\/categories?post=30837"},{"taxonomy":"post_tag","embeddable":true,"href":"https:\/\/armstrongyregion.com.ar\/diario\/wp-json\/wp\/v2\/tags?post=30837"}],"curies":[{"name":"wp","href":"https:\/\/api.w.org\/{rel}","templated":true}]}}