{"id":30796,"date":"2021-06-24T20:54:36","date_gmt":"2021-06-24T20:54:36","guid":{"rendered":"https:\/\/armstrongyregion.com.ar\/diario\/?p=30796"},"modified":"2021-06-24T20:54:38","modified_gmt":"2021-06-24T20:54:38","slug":"para-monitorear-el-plan-de-vacunacion-diputados-aprobo-la-creacion-del-consejo-provincial","status":"publish","type":"post","link":"https:\/\/armstrongyregion.com.ar\/diario\/para-monitorear-el-plan-de-vacunacion-diputados-aprobo-la-creacion-del-consejo-provincial\/","title":{"rendered":"Para monitorear el plan de vacunaci\u00f3n: Diputados aprob\u00f3 la creaci\u00f3n del Consejo Provincial."},"content":{"rendered":"\n<figure class=\"wp-block-image size-large\"><img loading=\"lazy\" decoding=\"async\" width=\"640\" height=\"426\" src=\"http:\/\/armstrongyregion.com.ar\/diario\/wp-content\/uploads\/2021\/06\/Blanco-.jpg\" alt=\"\" class=\"wp-image-30797\" srcset=\"https:\/\/armstrongyregion.com.ar\/diario\/wp-content\/uploads\/2021\/06\/Blanco-.jpg 640w, https:\/\/armstrongyregion.com.ar\/diario\/wp-content\/uploads\/2021\/06\/Blanco--300x200.jpg 300w\" sizes=\"auto, (max-width: 640px) 100vw, 640px\" \/><\/figure>\n\n\n\n<p>\n\n\u201cTodav\u00eda hay un gran desaf\u00edo por delante. Las irregularidades que se conocieron sobre vacunados vip no pueden volver a suceder. Este proceso necesita ser transparente\u201d, dijo Joaqu\u00edn Blanco, autor del proyecto de ley. Estar\u00e1 integrado por expertos del Ejecutivo, de la comunidad cient\u00edfica, universidades nacionales, colegio de m\u00e9dicos, entre otros._<br>La C\u00e1mara de Diputados de Santa Fe dio media sanci\u00f3n al proyecto de ley que propone crear un Consejo Provincial que asesore y monitoree al gobierno en el plan de vacunaci\u00f3n que viene llevando adelante. La iniciativa busca ordenar el proceso y hacerlo completamente p\u00fablico y transparente. \u201cLos casos que se conocieron en las \u00faltimas semanas sobre vacunados vip llevaron mucha preocupaci\u00f3n a toda la poblaci\u00f3n que necesita rigurosidad en este momento tan delicado\u201d, dijo Joaqu\u00edn Blanco, autor de la iniciativa.<br>\u201cA diez d\u00edas de la reuni\u00f3n con el Ministro de Gobierno, seguimos sin conocer qui\u00e9nes fueron los funcionarios responsables de habilitar la vacunaci\u00f3n a personas que no deb\u00edan ser vacunadas en un momento donde s\u00f3lo se aplicaban dosis al personal de salud. Por eso creemos muy necesario que haya un grupo externo de asesores al gobierno que acompa\u00f1e, ordene y monitoree lo que ocurre alrededor de este proceso\u201d, explic\u00f3 el diputado. \u201cNo podemos permitir que amigos del poder accedan a las vacunas de forma privilegiada y no se haga nada al respecto. Se necesita decisi\u00f3n pol\u00edtica\u201d, asever\u00f3.<br>El proyecto de ley propone la creaci\u00f3n del Consejo Provincial para la Campa\u00f1a de Vacunaci\u00f3n contra COVID-19, integrado por miembros del Ministerio de Salud, de la comunidad cient\u00edfica, expertos en inmunizaciones, Universidades Nacionales, Colegios de M\u00e9dicos, Colegios de Farmac\u00e9uticos, Enfermeros, Comisiones de Salud de Diputados y Diputadas, Senadoras y Senadores, y Defensor\u00eda del Pueblo.&nbsp;<br>\u201cEntendemos que todav\u00eda hay un gran desaf\u00edo por delante. La Ministra de Salud de la Naci\u00f3n hoy declar\u00f3 que est\u00e1 buscando \u2018consenso t\u00e9cnico\u2019 para combinar vacunas ante la faltante de las segundas dosis de Sputnik para poder completar el esquema de vacunaci\u00f3n y hacer frente a la variante Delta. Entonces, evidentemente faltan muchas cosas por verse y es necesario estar preparados y bien asesorados\u201d, dijo.<br>\u201cDebemos pensar en el largo plazo. Hoy Santa Fe viene bastante detr\u00e1s de otras provincia respecto a la aplicaci\u00f3n de las segundas dosis. Debemos tener en cuenta que, posiblemente, sea una enfermedad que nos acompa\u00f1e durante varios a\u00f1os y otras campa\u00f1as de vacunaci\u00f3n masiva ser\u00e1n necesarias\u201d, agreg\u00f3 Blanco.<br>El diputado record\u00f3 que este mismo proyecto fue presentado a Roberto Sukerman en una reuni\u00f3n que tuvieron junto al bloque socialista el pasado 24 de febrero. \u201cPara ese entonces, las irregularidades ya hab\u00edan sucedido y el gobierno perdi\u00f3 mucho tiempo en investigar esto por no dejarse asesorar. Si no era por las denuncias de los trabajadores, nunca nos hubi\u00e9semos enterado\u201d, expres\u00f3.<br>\u201cTambi\u00e9n hay una gran preocupaci\u00f3n sobre la inequidad en el reparto de dosis entre los diferentes departamentos. El sistema de salud no puede quedar fragmentado en este momento. Se debe trabajar en conjunto para poder llevar transparencia y renovar la confianza en la poblaci\u00f3n pero para eso se necesita decisi\u00f3n pol\u00edtica\u201d, agreg\u00f3.<br>\u201cEs una propuesta para poner a Santa Fe donde se merece, que es en un marco de absoluta confianza. Adem\u00e1s, necesitamos conocer m\u00e1s sobre la llegada de las segundas dosis y el anuncio de la compra de vacunas por parte de la provincia que, hasta el momento, es solo eso\u201d, aclar\u00f3 el diputado. \u201c\u00bfCu\u00e1l es el probable cronograma de entrega? \u00bfLa gesti\u00f3n se realiz\u00f3 v\u00eda Naci\u00f3n y en conjunto con otras provincias? \u00bfCu\u00e1l ser\u00e1 su costo? Son preguntas que necesitan respuesta tambi\u00e9n\u201d, finaliz\u00f3.\u00c1rea de archivos adjuntos<br><\/p>\n","protected":false},"excerpt":{"rendered":"<p>\u201cTodav\u00eda hay un gran desaf\u00edo por delante. Las irregularidades que se conocieron sobre vacunados vip no pueden volver a suceder. Este proceso necesita ser transparente\u201d, dijo Joaqu\u00edn Blanco, autor del proyecto de ley. Estar\u00e1 integrado por expertos del Ejecutivo, de la comunidad cient\u00edfica, universidades nacionales, colegio de m\u00e9dicos, entre otros._La C\u00e1mara de Diputados de Santa <a href=\"https:\/\/armstrongyregion.com.ar\/diario\/para-monitorear-el-plan-de-vacunacion-diputados-aprobo-la-creacion-del-consejo-provincial\/\" title=\"Read more\" >&#8230;<\/a><\/p>\n","protected":false},"author":1,"featured_media":30797,"comment_status":"open","ping_status":"open","sticky":false,"template":"","format":"image","meta":{"_jetpack_memberships_contains_paid_content":false,"footnotes":"","jetpack_publicize_message":"","jetpack_publicize_feature_enabled":true,"jetpack_social_post_already_shared":true,"jetpack_social_options":{"image_generator_settings":{"template":"highway","default_image_id":0,"enabled":false},"version":2}},"categories":[8,1,2,7,3],"tags":[],"class_list":["post-30796","post","type-post","status-publish","format-image","has-post-thumbnail","hentry","category-deliberando","category-diario-armstrong","category-locales","category-politica","category-region","post_format-post-format-image"],"jetpack_publicize_connections":[],"jetpack_featured_media_url":"https:\/\/armstrongyregion.com.ar\/diario\/wp-content\/uploads\/2021\/06\/Blanco-.jpg","jetpack_shortlink":"https:\/\/wp.me\/p62QDO-80I","jetpack_sharing_enabled":true,"amp_enabled":true,"_links":{"self":[{"href":"https:\/\/armstrongyregion.com.ar\/diario\/wp-json\/wp\/v2\/posts\/30796","targetHints":{"allow":["GET"]}}],"collection":[{"href":"https:\/\/armstrongyregion.com.ar\/diario\/wp-json\/wp\/v2\/posts"}],"about":[{"href":"https:\/\/armstrongyregion.com.ar\/diario\/wp-json\/wp\/v2\/types\/post"}],"author":[{"embeddable":true,"href":"https:\/\/armstrongyregion.com.ar\/diario\/wp-json\/wp\/v2\/users\/1"}],"replies":[{"embeddable":true,"href":"https:\/\/armstrongyregion.com.ar\/diario\/wp-json\/wp\/v2\/comments?post=30796"}],"version-history":[{"count":1,"href":"https:\/\/armstrongyregion.com.ar\/diario\/wp-json\/wp\/v2\/posts\/30796\/revisions"}],"predecessor-version":[{"id":30798,"href":"https:\/\/armstrongyregion.com.ar\/diario\/wp-json\/wp\/v2\/posts\/30796\/revisions\/30798"}],"wp:featuredmedia":[{"embeddable":true,"href":"https:\/\/armstrongyregion.com.ar\/diario\/wp-json\/wp\/v2\/media\/30797"}],"wp:attachment":[{"href":"https:\/\/armstrongyregion.com.ar\/diario\/wp-json\/wp\/v2\/media?parent=30796"}],"wp:term":[{"taxonomy":"category","embeddable":true,"href":"https:\/\/armstrongyregion.com.ar\/diario\/wp-json\/wp\/v2\/categories?post=30796"},{"taxonomy":"post_tag","embeddable":true,"href":"https:\/\/armstrongyregion.com.ar\/diario\/wp-json\/wp\/v2\/tags?post=30796"}],"curies":[{"name":"wp","href":"https:\/\/api.w.org\/{rel}","templated":true}]}}