{"id":30786,"date":"2021-06-23T20:27:51","date_gmt":"2021-06-23T20:27:51","guid":{"rendered":"https:\/\/armstrongyregion.com.ar\/diario\/?p=30786"},"modified":"2021-06-23T20:27:54","modified_gmt":"2021-06-23T20:27:54","slug":"clerici-junto-a-autoridades-provinciales-y-nacionales-anuncio-obras-para-el-tren-de-cercania-rosario-canada","status":"publish","type":"post","link":"https:\/\/armstrongyregion.com.ar\/diario\/clerici-junto-a-autoridades-provinciales-y-nacionales-anuncio-obras-para-el-tren-de-cercania-rosario-canada\/","title":{"rendered":"Cl\u00e9rici junto a autoridades provinciales y nacionales anunci\u00f3 obras para el tren de cercan\u00eda Rosario-Ca\u00f1ada."},"content":{"rendered":"\n<figure class=\"wp-block-image size-large\"><img loading=\"lazy\" decoding=\"async\" width=\"512\" height=\"313\" src=\"http:\/\/armstrongyregion.com.ar\/diario\/wp-content\/uploads\/2021\/06\/presentacion-trenes_-14.jpg\" alt=\"\" class=\"wp-image-30787\" srcset=\"https:\/\/armstrongyregion.com.ar\/diario\/wp-content\/uploads\/2021\/06\/presentacion-trenes_-14.jpg 512w, https:\/\/armstrongyregion.com.ar\/diario\/wp-content\/uploads\/2021\/06\/presentacion-trenes_-14-300x183.jpg 300w\" sizes=\"auto, (max-width: 512px) 100vw, 512px\" \/><\/figure>\n\n\n\n<p>Encabez\u00f3 el acto junto a la vice gobernadora Alejandra Rodenas, el presidente de Trenes Argentinos, Mart\u00edn Marinucci, y el Secretario de Transporte de la Naci\u00f3n, Diego Giuliano. El objetivo es para diciembre de este a\u00f1o tener al menos dos frecuencias diarias, con una duraci\u00f3n del viaje de una hora y media. Tambi\u00e9n estuvieron presentes legisladores provinciales y nacionales junto a mandatarios de las localidades por donde pasar\u00e1 y se detendr\u00e1n las formaciones.<\/p>\n\n\n\n<figure class=\"wp-block-image size-large\"><img loading=\"lazy\" decoding=\"async\" width=\"512\" height=\"342\" src=\"http:\/\/armstrongyregion.com.ar\/diario\/wp-content\/uploads\/2021\/06\/presentacion-trenes_-35.jpg\" alt=\"\" class=\"wp-image-30788\" srcset=\"https:\/\/armstrongyregion.com.ar\/diario\/wp-content\/uploads\/2021\/06\/presentacion-trenes_-35.jpg 512w, https:\/\/armstrongyregion.com.ar\/diario\/wp-content\/uploads\/2021\/06\/presentacion-trenes_-35-300x200.jpg 300w\" sizes=\"auto, (max-width: 512px) 100vw, 512px\" \/><\/figure>\n\n\n\n<p>La intendenta Stella Cl\u00e9rici recibi\u00f3 en la ciudad a la vice gobernadora Alejandra Rodenas, al presidente de Trenes Argentinos, Mart\u00edn Marinucci y al secretario de Transporte de la Naci\u00f3n, Diego Giuliano, quienes anunciaron el inicio de las obras para el funcionamiento del tren de cercan\u00edas entre Ca\u00f1ada de G\u00f3mez y Rosario.<\/p>\n\n\n\n<p>El objetivo es para diciembre de este a\u00f1o tener al menos dos frecuencias diarias con una duraci\u00f3n del viaje de una hora y media. Tras una fiscalizaci\u00f3n previa del estado de las v\u00edas f\u00e9rreas, se confirm\u00f3 que la adecuaci\u00f3n demandar\u00e1 entre cuatro y seis meses. Por su parte el Municipio, se har\u00e1 cargo de mejoras en boleter\u00eda y cabin de la estaci\u00f3n donde funciona la Escuela Municipal Pedro Re\u00fcn.<\/p>\n\n\n\n<p>\u201cUn d\u00eda hist\u00f3rico. Se inicia la concreci\u00f3n de un sue\u00f1o por el cual venimos luchando desde hace d\u00e9cadas, junto a toda la regi\u00f3n. Gracias a todas las autoridades nacionales y provinciales que nos visitaron para anunciar el plan de obras para el tren de cercan\u00eda entre Rosario y Ca\u00f1ada de G\u00f3mez\u201d, expres\u00f3 Cl\u00e9rici.<\/p>\n\n\n\n<p>Este servicio tendr\u00e1 paradas en Funes, Rold\u00e1n, San Jer\u00f3nimo Sud, Carcara\u00f1\u00e1 y Correa. Todas ellas se suman a las puntas del servicio que ser\u00e1n Rosario Norte y Ca\u00f1ada de G\u00f3mez. En el acto, tambi\u00e9n estuvieron presentes legisladores provinciales y nacionales, los mandatarios de las localidades por donde pasar\u00e1 y se detendr\u00e1n las formaciones.<\/p>\n","protected":false},"excerpt":{"rendered":"<p>Encabez\u00f3 el acto junto a la vice gobernadora Alejandra Rodenas, el presidente de Trenes Argentinos, Mart\u00edn Marinucci, y el Secretario de Transporte de la Naci\u00f3n, Diego Giuliano. El objetivo es para diciembre de este a\u00f1o tener al menos dos frecuencias diarias, con una duraci\u00f3n del viaje de una hora y media. Tambi\u00e9n estuvieron presentes legisladores <a href=\"https:\/\/armstrongyregion.com.ar\/diario\/clerici-junto-a-autoridades-provinciales-y-nacionales-anuncio-obras-para-el-tren-de-cercania-rosario-canada\/\" title=\"Read more\" >&#8230;<\/a><\/p>\n","protected":false},"author":1,"featured_media":30788,"comment_status":"open","ping_status":"open","sticky":false,"template":"","format":"image","meta":{"_jetpack_memberships_contains_paid_content":false,"footnotes":"","jetpack_publicize_message":"","jetpack_publicize_feature_enabled":true,"jetpack_social_post_already_shared":true,"jetpack_social_options":{"image_generator_settings":{"template":"highway","default_image_id":0,"enabled":false},"version":2}},"categories":[8,1,7,3],"tags":[],"class_list":["post-30786","post","type-post","status-publish","format-image","has-post-thumbnail","hentry","category-deliberando","category-diario-armstrong","category-politica","category-region","post_format-post-format-image"],"jetpack_publicize_connections":[],"jetpack_featured_media_url":"https:\/\/armstrongyregion.com.ar\/diario\/wp-content\/uploads\/2021\/06\/presentacion-trenes_-35.jpg","jetpack_shortlink":"https:\/\/wp.me\/p62QDO-80y","jetpack_sharing_enabled":true,"amp_enabled":true,"_links":{"self":[{"href":"https:\/\/armstrongyregion.com.ar\/diario\/wp-json\/wp\/v2\/posts\/30786","targetHints":{"allow":["GET"]}}],"collection":[{"href":"https:\/\/armstrongyregion.com.ar\/diario\/wp-json\/wp\/v2\/posts"}],"about":[{"href":"https:\/\/armstrongyregion.com.ar\/diario\/wp-json\/wp\/v2\/types\/post"}],"author":[{"embeddable":true,"href":"https:\/\/armstrongyregion.com.ar\/diario\/wp-json\/wp\/v2\/users\/1"}],"replies":[{"embeddable":true,"href":"https:\/\/armstrongyregion.com.ar\/diario\/wp-json\/wp\/v2\/comments?post=30786"}],"version-history":[{"count":1,"href":"https:\/\/armstrongyregion.com.ar\/diario\/wp-json\/wp\/v2\/posts\/30786\/revisions"}],"predecessor-version":[{"id":30789,"href":"https:\/\/armstrongyregion.com.ar\/diario\/wp-json\/wp\/v2\/posts\/30786\/revisions\/30789"}],"wp:featuredmedia":[{"embeddable":true,"href":"https:\/\/armstrongyregion.com.ar\/diario\/wp-json\/wp\/v2\/media\/30788"}],"wp:attachment":[{"href":"https:\/\/armstrongyregion.com.ar\/diario\/wp-json\/wp\/v2\/media?parent=30786"}],"wp:term":[{"taxonomy":"category","embeddable":true,"href":"https:\/\/armstrongyregion.com.ar\/diario\/wp-json\/wp\/v2\/categories?post=30786"},{"taxonomy":"post_tag","embeddable":true,"href":"https:\/\/armstrongyregion.com.ar\/diario\/wp-json\/wp\/v2\/tags?post=30786"}],"curies":[{"name":"wp","href":"https:\/\/api.w.org\/{rel}","templated":true}]}}