{"id":30783,"date":"2021-06-23T20:23:42","date_gmt":"2021-06-23T20:23:42","guid":{"rendered":"https:\/\/armstrongyregion.com.ar\/diario\/?p=30783"},"modified":"2021-06-23T20:23:45","modified_gmt":"2021-06-23T20:23:45","slug":"se-anuncio-el-tren-de-pasajeros-canada-de-gomez-rosario-norte","status":"publish","type":"post","link":"https:\/\/armstrongyregion.com.ar\/diario\/se-anuncio-el-tren-de-pasajeros-canada-de-gomez-rosario-norte\/","title":{"rendered":"Se anunci\u00f3 el tren de pasajeros Ca\u00f1ada de G\u00f3mez Rosario Norte."},"content":{"rendered":"\n<figure class=\"wp-block-image size-large\"><img loading=\"lazy\" decoding=\"async\" width=\"607\" height=\"386\" src=\"http:\/\/armstrongyregion.com.ar\/diario\/wp-content\/uploads\/2021\/06\/trenes.jpg\" alt=\"\" class=\"wp-image-30784\" srcset=\"https:\/\/armstrongyregion.com.ar\/diario\/wp-content\/uploads\/2021\/06\/trenes.jpg 607w, https:\/\/armstrongyregion.com.ar\/diario\/wp-content\/uploads\/2021\/06\/trenes-300x191.jpg 300w\" sizes=\"auto, (max-width: 607px) 100vw, 607px\" \/><\/figure>\n\n\n\n<h2 class=\"wp-block-heading\"> Fue en la estaci\u00f3n del Ferrocarril donde funciona la Escuela Municipal Pedro Reun. Cont\u00f3 con la presencia de la vicegobernadora, funcionarios de Transporte y diputados nacionales, intendentes y presidentes comunales.<\/h2>\n\n\n\n<p>En la ma\u00f1ana del mi\u00e9rcoles, una multitud cop\u00f3 el and\u00e9n de la estaci\u00f3n del ferrocarril. Medios de prensa de toda la zona se mezclaban con presidentes comunales e intendentes. La primera mandataria de Ca\u00f1ada de G\u00f3mez, Stella Cl\u00e9rici, recibi\u00f3 a la Vicegobernadora Alejandra Rodenas, al presidente de Trenes Argentinos, Mart\u00edn Marinucci, al secretario de Gesti\u00f3n de Transporte del Ministerio, Diego Giuliano, los gerentes Marcelo S\u00e1nchez y Iv\u00e1n Inhoff, a los diputados nacionales Josefina Gonz\u00e1lez,&nbsp; Vanesa Mazzetani, Marcos Cleri, al secretario de Transporte provincial, Osvaldo Miatello, intendentes y presidentes comunales de&nbsp;Correa, San Jer\u00f3nimo, Carcara\u00f1\u00e1, Rold\u00e1n, y Funes, autoridades locales y miembros de la Asociaci\u00f3n Ferroviaria El Tren.&nbsp;<\/p>\n\n\n\n<p>Hicieron uso de la palabra la intendenta Cl\u00e9rici, la vicegobernadora Rodenas, el secretario de Gesti\u00f3n y Transporte Giuliano y el presidente de Trenes Argentinos Marinucci. En l\u00edneas generales se anunci\u00f3 la concreci\u00f3n del tren que unir\u00e1 Rosario con Ca\u00f1ada. Tendr\u00e1 dos frecuencias diarias, una por la ma\u00f1ana y otra por la tarde. Los boletos no superar\u00e1n los 50 pesos. Se trabajar\u00e1 en lograr que el viaje dure una hora y media contra las actuales m\u00e1s de dos horas para cubrir el mismo trayecto.&nbsp;<\/p>\n\n\n\n<p>Marinucci se\u00f1al\u00f3 que se mantienen reuniones y gestiones para la compra de m\u00e1quinas chinas y rusas. Las v\u00edas ya fueron controladas y ya se sabe cu\u00e1les son los tramos que deber\u00e1n tener refacciones y cambios para poder hacer correr el tren de pasajeros. Esperan que en diciembre se pueda poner en funcionamiento este servicio de transporte p\u00fablico.<\/p>\n\n\n\n<p>Fuente: elrecinto.com.ar<\/p>\n\n\n\n<p><\/p>\n","protected":false},"excerpt":{"rendered":"<p>Fue en la estaci\u00f3n del Ferrocarril donde funciona la Escuela Municipal Pedro Reun. Cont\u00f3 con la presencia de la vicegobernadora, funcionarios de Transporte y diputados nacionales, intendentes y presidentes comunales. En la ma\u00f1ana del mi\u00e9rcoles, una multitud cop\u00f3 el and\u00e9n de la estaci\u00f3n del ferrocarril. Medios de prensa de toda la zona se mezclaban con <a href=\"https:\/\/armstrongyregion.com.ar\/diario\/se-anuncio-el-tren-de-pasajeros-canada-de-gomez-rosario-norte\/\" title=\"Read more\" >&#8230;<\/a><\/p>\n","protected":false},"author":1,"featured_media":30784,"comment_status":"open","ping_status":"open","sticky":false,"template":"","format":"image","meta":{"_jetpack_memberships_contains_paid_content":false,"footnotes":"","jetpack_publicize_message":"","jetpack_publicize_feature_enabled":true,"jetpack_social_post_already_shared":true,"jetpack_social_options":{"image_generator_settings":{"template":"highway","default_image_id":0,"enabled":false},"version":2}},"categories":[8,1,2,7],"tags":[],"class_list":["post-30783","post","type-post","status-publish","format-image","has-post-thumbnail","hentry","category-deliberando","category-diario-armstrong","category-locales","category-politica","post_format-post-format-image"],"jetpack_publicize_connections":[],"jetpack_featured_media_url":"https:\/\/armstrongyregion.com.ar\/diario\/wp-content\/uploads\/2021\/06\/trenes.jpg","jetpack_shortlink":"https:\/\/wp.me\/p62QDO-80v","jetpack_sharing_enabled":true,"amp_enabled":true,"_links":{"self":[{"href":"https:\/\/armstrongyregion.com.ar\/diario\/wp-json\/wp\/v2\/posts\/30783","targetHints":{"allow":["GET"]}}],"collection":[{"href":"https:\/\/armstrongyregion.com.ar\/diario\/wp-json\/wp\/v2\/posts"}],"about":[{"href":"https:\/\/armstrongyregion.com.ar\/diario\/wp-json\/wp\/v2\/types\/post"}],"author":[{"embeddable":true,"href":"https:\/\/armstrongyregion.com.ar\/diario\/wp-json\/wp\/v2\/users\/1"}],"replies":[{"embeddable":true,"href":"https:\/\/armstrongyregion.com.ar\/diario\/wp-json\/wp\/v2\/comments?post=30783"}],"version-history":[{"count":1,"href":"https:\/\/armstrongyregion.com.ar\/diario\/wp-json\/wp\/v2\/posts\/30783\/revisions"}],"predecessor-version":[{"id":30785,"href":"https:\/\/armstrongyregion.com.ar\/diario\/wp-json\/wp\/v2\/posts\/30783\/revisions\/30785"}],"wp:featuredmedia":[{"embeddable":true,"href":"https:\/\/armstrongyregion.com.ar\/diario\/wp-json\/wp\/v2\/media\/30784"}],"wp:attachment":[{"href":"https:\/\/armstrongyregion.com.ar\/diario\/wp-json\/wp\/v2\/media?parent=30783"}],"wp:term":[{"taxonomy":"category","embeddable":true,"href":"https:\/\/armstrongyregion.com.ar\/diario\/wp-json\/wp\/v2\/categories?post=30783"},{"taxonomy":"post_tag","embeddable":true,"href":"https:\/\/armstrongyregion.com.ar\/diario\/wp-json\/wp\/v2\/tags?post=30783"}],"curies":[{"name":"wp","href":"https:\/\/api.w.org\/{rel}","templated":true}]}}