{"id":30734,"date":"2021-06-19T21:37:19","date_gmt":"2021-06-19T21:37:19","guid":{"rendered":"https:\/\/armstrongyregion.com.ar\/diario\/?p=30734"},"modified":"2021-06-19T21:37:38","modified_gmt":"2021-06-19T21:37:38","slug":"santa-fe-nivel-inicial-y-primarias-con-clases-presenciales-la-proxima-semana","status":"publish","type":"post","link":"https:\/\/armstrongyregion.com.ar\/diario\/santa-fe-nivel-inicial-y-primarias-con-clases-presenciales-la-proxima-semana\/","title":{"rendered":"Santa Fe: nivel inicial y primarias con clases presenciales la pr\u00f3xima semana."},"content":{"rendered":"\n<figure class=\"wp-block-image size-large\"><img loading=\"lazy\" decoding=\"async\" width=\"400\" height=\"267\" src=\"http:\/\/armstrongyregion.com.ar\/diario\/wp-content\/uploads\/2021\/06\/distancia-colegios.jpg\" alt=\"\" class=\"wp-image-30736\" srcset=\"https:\/\/armstrongyregion.com.ar\/diario\/wp-content\/uploads\/2021\/06\/distancia-colegios.jpg 400w, https:\/\/armstrongyregion.com.ar\/diario\/wp-content\/uploads\/2021\/06\/distancia-colegios-300x200.jpg 300w\" sizes=\"auto, (max-width: 400px) 100vw, 400px\" \/><figcaption>Small children with face mask back at school after covid-19 quarantine and lockdown.<\/figcaption><\/figure>\n\n\n\n<h2 class=\"wp-block-heading\"> Ser\u00e1 con bimodalidad y alternancia en toda la provincia con excepci\u00f3n de algunas ciudades donde solamente se recuperar\u00e1 asistencia presencial en el Nivel Inicial. <\/h2>\n\n\n\n<p><strong>La ciudad de Armstrong tendr\u00e1 retorno a las aulas en Jardines de Infantes y en nivel inicial de todos los establecimientos educativos.<\/strong><\/p>\n\n\n\n<p>La Circular n\u00b0 016 firmada por la Ministra de Educaci\u00f3n Adriana Cantero, de fecha 18 de junio de 2021,expresa que la propuesta para la semana del 22\/06\/2021 al 25\/06\/2021 ser\u00e1:<br>&#8211; Actividad presencial con bimodalidad y alternancia en los niveles Inicial y Primario en toda la provincia con excepci\u00f3n de las localidades que a continuaci\u00f3n se detallan por integrar departamentos en alarma o ser ciudades de m\u00e1s de 40.000 habitantes con incidencia mayor a 500 y donde solamente se recuperar\u00e1 asistencia a clases presenciales en el Nivel Inicial (grupo prioritario en el marco de la Resol. CFE No 394\/2021). Esas ciudades son: Casilda, Rafaela, Villa Constituci\u00f3n, Venado Tuerto, Reconquista, Santa Fe, Santo Tom\u00e9, Esperanza, Granadero Baigorria, Rosario, Villa Gobernador G\u00e1lvez, San Lorenzo, Arroyo Seco, San Jos\u00e9 del Rinc\u00f3n, Sauce Viejo, Recreo, P\u00e9rez y Pueblo Esther.<\/p>\n\n\n\n<h2 class=\"wp-block-heading\"><\/h2>\n\n\n\n<figure class=\"wp-block-image size-large\"><img decoding=\"async\" src=\"http:\/\/armstrongyregion.com.ar\/diario\/wp-content\/uploads\/2021\/06\/PDF-presenciales.pdf\" alt=\"\" class=\"wp-image-30735\"\/><\/figure>\n","protected":false},"excerpt":{"rendered":"<p>Ser\u00e1 con bimodalidad y alternancia en toda la provincia con excepci\u00f3n de algunas ciudades donde solamente se recuperar\u00e1 asistencia presencial en el Nivel Inicial. La ciudad de Armstrong tendr\u00e1 retorno a las aulas en Jardines de Infantes y en nivel inicial de todos los establecimientos educativos. La Circular n\u00b0 016 firmada por la Ministra de <a href=\"https:\/\/armstrongyregion.com.ar\/diario\/santa-fe-nivel-inicial-y-primarias-con-clases-presenciales-la-proxima-semana\/\" title=\"Read more\" >&#8230;<\/a><\/p>\n","protected":false},"author":1,"featured_media":30737,"comment_status":"open","ping_status":"open","sticky":false,"template":"","format":"image","meta":{"_jetpack_memberships_contains_paid_content":false,"footnotes":"","jetpack_publicize_message":"","jetpack_publicize_feature_enabled":true,"jetpack_social_post_already_shared":true,"jetpack_social_options":{"image_generator_settings":{"template":"highway","default_image_id":0,"enabled":false},"version":2}},"categories":[1],"tags":[],"class_list":["post-30734","post","type-post","status-publish","format-image","has-post-thumbnail","hentry","category-diario-armstrong","post_format-post-format-image"],"jetpack_publicize_connections":[],"jetpack_featured_media_url":"https:\/\/armstrongyregion.com.ar\/diario\/wp-content\/uploads\/2021\/06\/distancia-colegios.jpeg","jetpack_shortlink":"https:\/\/wp.me\/p62QDO-7ZI","jetpack_sharing_enabled":true,"amp_enabled":true,"_links":{"self":[{"href":"https:\/\/armstrongyregion.com.ar\/diario\/wp-json\/wp\/v2\/posts\/30734","targetHints":{"allow":["GET"]}}],"collection":[{"href":"https:\/\/armstrongyregion.com.ar\/diario\/wp-json\/wp\/v2\/posts"}],"about":[{"href":"https:\/\/armstrongyregion.com.ar\/diario\/wp-json\/wp\/v2\/types\/post"}],"author":[{"embeddable":true,"href":"https:\/\/armstrongyregion.com.ar\/diario\/wp-json\/wp\/v2\/users\/1"}],"replies":[{"embeddable":true,"href":"https:\/\/armstrongyregion.com.ar\/diario\/wp-json\/wp\/v2\/comments?post=30734"}],"version-history":[{"count":1,"href":"https:\/\/armstrongyregion.com.ar\/diario\/wp-json\/wp\/v2\/posts\/30734\/revisions"}],"predecessor-version":[{"id":30738,"href":"https:\/\/armstrongyregion.com.ar\/diario\/wp-json\/wp\/v2\/posts\/30734\/revisions\/30738"}],"wp:featuredmedia":[{"embeddable":true,"href":"https:\/\/armstrongyregion.com.ar\/diario\/wp-json\/wp\/v2\/media\/30737"}],"wp:attachment":[{"href":"https:\/\/armstrongyregion.com.ar\/diario\/wp-json\/wp\/v2\/media?parent=30734"}],"wp:term":[{"taxonomy":"category","embeddable":true,"href":"https:\/\/armstrongyregion.com.ar\/diario\/wp-json\/wp\/v2\/categories?post=30734"},{"taxonomy":"post_tag","embeddable":true,"href":"https:\/\/armstrongyregion.com.ar\/diario\/wp-json\/wp\/v2\/tags?post=30734"}],"curies":[{"name":"wp","href":"https:\/\/api.w.org\/{rel}","templated":true}]}}