{"id":30729,"date":"2021-06-18T15:44:54","date_gmt":"2021-06-18T15:44:54","guid":{"rendered":"https:\/\/armstrongyregion.com.ar\/diario\/?p=30729"},"modified":"2021-06-18T15:44:57","modified_gmt":"2021-06-18T15:44:57","slug":"padres-organizados-convocan-a-una-bicicleteada-en-plaza-san-martin","status":"publish","type":"post","link":"https:\/\/armstrongyregion.com.ar\/diario\/padres-organizados-convocan-a-una-bicicleteada-en-plaza-san-martin\/","title":{"rendered":"Padres organizados convocan a una bicicleteada en Plaza San Mart\u00edn."},"content":{"rendered":"\n<figure class=\"wp-block-image size-large\"><img loading=\"lazy\" decoding=\"async\" width=\"540\" height=\"540\" src=\"http:\/\/armstrongyregion.com.ar\/diario\/wp-content\/uploads\/2021\/06\/e36c1a5872644e238009e0e5cf21e007-1-1.jpg\" alt=\"\" class=\"wp-image-30732\" srcset=\"https:\/\/armstrongyregion.com.ar\/diario\/wp-content\/uploads\/2021\/06\/e36c1a5872644e238009e0e5cf21e007-1-1.jpg 540w, https:\/\/armstrongyregion.com.ar\/diario\/wp-content\/uploads\/2021\/06\/e36c1a5872644e238009e0e5cf21e007-1-1-300x300.jpg 300w, https:\/\/armstrongyregion.com.ar\/diario\/wp-content\/uploads\/2021\/06\/e36c1a5872644e238009e0e5cf21e007-1-1-150x150.jpg 150w\" sizes=\"auto, (max-width: 540px) 100vw, 540px\" \/><\/figure>\n\n\n\n<p>\nEl pr\u00f3ximo lunes 21 de junio a las 15hs. el grupo de Padres\nOrganizados convocan a una bicicleteada por la educaci\u00f3n.<\/p>\n\n\n\n<p>Adriana Mainero,\nvocera de la agrupaci\u00f3n, inform\u00f3 que las personas tambi\u00e9n pueden\nasistir caminando o en veh\u00edculos particulares, llevando banderas,\ncarteles, globos celestes y blancos.<\/p>\n\n\n\n<p>Se respetara el\ndistanciamiento social y uso de barbijo obligatorio. El lema es \u201cSIN\nEDUCACI\u00d3N NO HAY FUTURO\u201d #ABRAN LAS ESCUELAS.<\/p>\n","protected":false},"excerpt":{"rendered":"<p>El pr\u00f3ximo lunes 21 de junio a las 15hs. el grupo de Padres Organizados convocan a una bicicleteada por la educaci\u00f3n. Adriana Mainero, vocera de la agrupaci\u00f3n, inform\u00f3 que las personas tambi\u00e9n pueden asistir caminando o en veh\u00edculos particulares, llevando banderas, carteles, globos celestes y blancos. Se respetara el distanciamiento social y uso de barbijo <a href=\"https:\/\/armstrongyregion.com.ar\/diario\/padres-organizados-convocan-a-una-bicicleteada-en-plaza-san-martin\/\" title=\"Read more\" >&#8230;<\/a><\/p>\n","protected":false},"author":1,"featured_media":30731,"comment_status":"open","ping_status":"open","sticky":false,"template":"","format":"image","meta":{"_jetpack_memberships_contains_paid_content":false,"footnotes":"","jetpack_publicize_message":"","jetpack_publicize_feature_enabled":true,"jetpack_social_post_already_shared":true,"jetpack_social_options":{"image_generator_settings":{"template":"highway","default_image_id":0,"enabled":false},"version":2}},"categories":[8,1,2,7],"tags":[],"class_list":["post-30729","post","type-post","status-publish","format-image","has-post-thumbnail","hentry","category-deliberando","category-diario-armstrong","category-locales","category-politica","post_format-post-format-image"],"jetpack_publicize_connections":[],"jetpack_featured_media_url":"https:\/\/armstrongyregion.com.ar\/diario\/wp-content\/uploads\/2021\/06\/e36c1a5872644e238009e0e5cf21e007-1.jpg","jetpack_shortlink":"https:\/\/wp.me\/p62QDO-7ZD","jetpack_sharing_enabled":true,"amp_enabled":true,"_links":{"self":[{"href":"https:\/\/armstrongyregion.com.ar\/diario\/wp-json\/wp\/v2\/posts\/30729","targetHints":{"allow":["GET"]}}],"collection":[{"href":"https:\/\/armstrongyregion.com.ar\/diario\/wp-json\/wp\/v2\/posts"}],"about":[{"href":"https:\/\/armstrongyregion.com.ar\/diario\/wp-json\/wp\/v2\/types\/post"}],"author":[{"embeddable":true,"href":"https:\/\/armstrongyregion.com.ar\/diario\/wp-json\/wp\/v2\/users\/1"}],"replies":[{"embeddable":true,"href":"https:\/\/armstrongyregion.com.ar\/diario\/wp-json\/wp\/v2\/comments?post=30729"}],"version-history":[{"count":1,"href":"https:\/\/armstrongyregion.com.ar\/diario\/wp-json\/wp\/v2\/posts\/30729\/revisions"}],"predecessor-version":[{"id":30733,"href":"https:\/\/armstrongyregion.com.ar\/diario\/wp-json\/wp\/v2\/posts\/30729\/revisions\/30733"}],"wp:featuredmedia":[{"embeddable":true,"href":"https:\/\/armstrongyregion.com.ar\/diario\/wp-json\/wp\/v2\/media\/30731"}],"wp:attachment":[{"href":"https:\/\/armstrongyregion.com.ar\/diario\/wp-json\/wp\/v2\/media?parent=30729"}],"wp:term":[{"taxonomy":"category","embeddable":true,"href":"https:\/\/armstrongyregion.com.ar\/diario\/wp-json\/wp\/v2\/categories?post=30729"},{"taxonomy":"post_tag","embeddable":true,"href":"https:\/\/armstrongyregion.com.ar\/diario\/wp-json\/wp\/v2\/tags?post=30729"}],"curies":[{"name":"wp","href":"https:\/\/api.w.org\/{rel}","templated":true}]}}