{"id":30726,"date":"2021-06-18T15:09:25","date_gmt":"2021-06-18T15:09:25","guid":{"rendered":"https:\/\/armstrongyregion.com.ar\/diario\/?p=30726"},"modified":"2021-06-18T15:09:28","modified_gmt":"2021-06-18T15:09:28","slug":"mas-de-100-profesionales-de-la-salud-de-iriondo-en-una-jornada-de-capacitacion","status":"publish","type":"post","link":"https:\/\/armstrongyregion.com.ar\/diario\/mas-de-100-profesionales-de-la-salud-de-iriondo-en-una-jornada-de-capacitacion\/","title":{"rendered":"M\u00e1s de 100 profesionales de la salud de Iriondo en una jornada de capacitaci\u00f3n."},"content":{"rendered":"\n<figure class=\"wp-block-image size-large\"><img loading=\"lazy\" decoding=\"async\" width=\"480\" height=\"270\" src=\"http:\/\/armstrongyregion.com.ar\/diario\/wp-content\/uploads\/2021\/06\/jornada.jpg\" alt=\"\" class=\"wp-image-30727\" srcset=\"https:\/\/armstrongyregion.com.ar\/diario\/wp-content\/uploads\/2021\/06\/jornada.jpg 480w, https:\/\/armstrongyregion.com.ar\/diario\/wp-content\/uploads\/2021\/06\/jornada-300x169.jpg 300w\" sizes=\"auto, (max-width: 480px) 100vw, 480px\" \/><\/figure>\n\n\n\n<p>\nEste jueves por la tarde se\nllev\u00f3 a cabo de manera virtual la \u201cJornada de capacitaci\u00f3n\nvirtual: Intubaci\u00f3n y manejo de paciente ventilado\u201d organizada por\nel Comit\u00e9 Departamental Iriondo contra el Covid 19.<\/p>\n\n\n\n<p>\nLa misma estuvo dirigida a\nm\u00e9dicos, enfermeros, kinesi\u00f3logos y equipos de salud de todo\nIriondo y cont\u00f3 con m\u00e1s de 100 profesionales conectados a trav\u00e9s\nde videoconferencia y streaming en vivo durante una hora y media.<\/p>\n\n\n\n<p>\nEl encuentro fue moderado por\nel Dr. Matias Zurawski, M\u00e9dico especialista en medicina interna (MP\n24320\/95609) y cont\u00f3 como disertante con la Dra. Maira Grilli,\nM\u00e9dica especialista en terapia intensiva (MP 232404 y MN 149400).<\/p>\n","protected":false},"excerpt":{"rendered":"<p>Este jueves por la tarde se llev\u00f3 a cabo de manera virtual la \u201cJornada de capacitaci\u00f3n virtual: Intubaci\u00f3n y manejo de paciente ventilado\u201d organizada por el Comit\u00e9 Departamental Iriondo contra el Covid 19. La misma estuvo dirigida a m\u00e9dicos, enfermeros, kinesi\u00f3logos y equipos de salud de todo Iriondo y cont\u00f3 con m\u00e1s de 100 profesionales <a href=\"https:\/\/armstrongyregion.com.ar\/diario\/mas-de-100-profesionales-de-la-salud-de-iriondo-en-una-jornada-de-capacitacion\/\" title=\"Read more\" >&#8230;<\/a><\/p>\n","protected":false},"author":1,"featured_media":30727,"comment_status":"open","ping_status":"open","sticky":false,"template":"","format":"image","meta":{"_jetpack_memberships_contains_paid_content":false,"footnotes":"","jetpack_publicize_message":"","jetpack_publicize_feature_enabled":true,"jetpack_social_post_already_shared":true,"jetpack_social_options":{"image_generator_settings":{"template":"highway","default_image_id":0,"enabled":false},"version":2}},"categories":[8,1,2,7,3],"tags":[],"class_list":["post-30726","post","type-post","status-publish","format-image","has-post-thumbnail","hentry","category-deliberando","category-diario-armstrong","category-locales","category-politica","category-region","post_format-post-format-image"],"jetpack_publicize_connections":[],"jetpack_featured_media_url":"https:\/\/armstrongyregion.com.ar\/diario\/wp-content\/uploads\/2021\/06\/jornada.jpg","jetpack_shortlink":"https:\/\/wp.me\/p62QDO-7ZA","jetpack_sharing_enabled":true,"amp_enabled":true,"_links":{"self":[{"href":"https:\/\/armstrongyregion.com.ar\/diario\/wp-json\/wp\/v2\/posts\/30726","targetHints":{"allow":["GET"]}}],"collection":[{"href":"https:\/\/armstrongyregion.com.ar\/diario\/wp-json\/wp\/v2\/posts"}],"about":[{"href":"https:\/\/armstrongyregion.com.ar\/diario\/wp-json\/wp\/v2\/types\/post"}],"author":[{"embeddable":true,"href":"https:\/\/armstrongyregion.com.ar\/diario\/wp-json\/wp\/v2\/users\/1"}],"replies":[{"embeddable":true,"href":"https:\/\/armstrongyregion.com.ar\/diario\/wp-json\/wp\/v2\/comments?post=30726"}],"version-history":[{"count":1,"href":"https:\/\/armstrongyregion.com.ar\/diario\/wp-json\/wp\/v2\/posts\/30726\/revisions"}],"predecessor-version":[{"id":30728,"href":"https:\/\/armstrongyregion.com.ar\/diario\/wp-json\/wp\/v2\/posts\/30726\/revisions\/30728"}],"wp:featuredmedia":[{"embeddable":true,"href":"https:\/\/armstrongyregion.com.ar\/diario\/wp-json\/wp\/v2\/media\/30727"}],"wp:attachment":[{"href":"https:\/\/armstrongyregion.com.ar\/diario\/wp-json\/wp\/v2\/media?parent=30726"}],"wp:term":[{"taxonomy":"category","embeddable":true,"href":"https:\/\/armstrongyregion.com.ar\/diario\/wp-json\/wp\/v2\/categories?post=30726"},{"taxonomy":"post_tag","embeddable":true,"href":"https:\/\/armstrongyregion.com.ar\/diario\/wp-json\/wp\/v2\/tags?post=30726"}],"curies":[{"name":"wp","href":"https:\/\/api.w.org\/{rel}","templated":true}]}}