{"id":30720,"date":"2021-06-18T15:04:28","date_gmt":"2021-06-18T15:04:28","guid":{"rendered":"https:\/\/armstrongyregion.com.ar\/diario\/?p=30720"},"modified":"2021-06-18T15:04:30","modified_gmt":"2021-06-18T15:04:30","slug":"canada-de-gomez-casalegno-solicita-establecer-en-la-ciudad-una-sede-del-instituto-de-seguridad-publica","status":"publish","type":"post","link":"https:\/\/armstrongyregion.com.ar\/diario\/canada-de-gomez-casalegno-solicita-establecer-en-la-ciudad-una-sede-del-instituto-de-seguridad-publica\/","title":{"rendered":"Ca\u00f1ada de G\u00f3mez. Casalegno solicita establecer en la ciudad una sede del instituto de seguridad p\u00fablica."},"content":{"rendered":"\n<figure class=\"wp-block-image size-large\"><img loading=\"lazy\" decoding=\"async\" width=\"640\" height=\"426\" src=\"http:\/\/armstrongyregion.com.ar\/diario\/wp-content\/uploads\/2021\/06\/WhatsApp-Image-2021-04-22-at-12.11.12-1.jpg\" alt=\"\" class=\"wp-image-30721\" srcset=\"https:\/\/armstrongyregion.com.ar\/diario\/wp-content\/uploads\/2021\/06\/WhatsApp-Image-2021-04-22-at-12.11.12-1.jpg 640w, https:\/\/armstrongyregion.com.ar\/diario\/wp-content\/uploads\/2021\/06\/WhatsApp-Image-2021-04-22-at-12.11.12-1-300x200.jpg 300w\" sizes=\"auto, (max-width: 640px) 100vw, 640px\" \/><\/figure>\n\n\n\n<p>La iniciativa, que fue aprobada por unanimidad, busca contribuir a solucionar la problem\u00e1tica de faltante de efectivos en la Unidad Regional X de polic\u00eda.<\/p>\n\n\n\n<p>El presidente del Concejo, Marcelo Casalegno, present\u00f3 en la \u00faltima sesi\u00f3n un proyecto de resoluci\u00f3n dirigido al Ministerio de Seguridad provincial para favorecer el ingreso de j\u00f3venes de la ciudad y la regi\u00f3n que deseen profesionalizarse en las diferentes carreras que ofrece. La iniciativa fue aprobada por unanimidad.<\/p>\n\n\n\n<p>\u201cCa\u00f1ada de G\u00f3mez tiene la necesidad de contar con mayor n\u00famero de agentes policiales, por lo cual, la posibilidad de que la Escuela de Polic\u00eda pudiese radicarse tambi\u00e9n en nuestra ciudad, podr\u00eda contribuir a solucionar dicho faltante de efectivos en la URX de Polic\u00eda\u201d, destac\u00f3 Casalegno.<\/p>\n\n\n\n<p>El ISEP ofrece las carreras de Auxiliar en Seguridad y T\u00e9cnico Superior en Seguridad P\u00fablica y Ciudadana con Orientaci\u00f3n Policial, de nivel terciario, con reconocimiento oficial, y se realizan cursos de capacitaci\u00f3n permanente. \u201cNuestra ciudad cuenta con infraestructura que podr\u00eda ser utilizada para el desarrollo de las carreras que el ISEP ofrece, por lo cual proponemos a las autoridades provinciales que estudien la posibilidad de establecer una nueva sede del Instituto en Ca\u00f1ada de G\u00f3mez\u201d, concluy\u00f3 el edil.<\/p>\n","protected":false},"excerpt":{"rendered":"<p>La iniciativa, que fue aprobada por unanimidad, busca contribuir a solucionar la problem\u00e1tica de faltante de efectivos en la Unidad Regional X de polic\u00eda. El presidente del Concejo, Marcelo Casalegno, present\u00f3 en la \u00faltima sesi\u00f3n un proyecto de resoluci\u00f3n dirigido al Ministerio de Seguridad provincial para favorecer el ingreso de j\u00f3venes de la ciudad y <a href=\"https:\/\/armstrongyregion.com.ar\/diario\/canada-de-gomez-casalegno-solicita-establecer-en-la-ciudad-una-sede-del-instituto-de-seguridad-publica\/\" title=\"Read more\" >&#8230;<\/a><\/p>\n","protected":false},"author":1,"featured_media":30721,"comment_status":"open","ping_status":"open","sticky":false,"template":"","format":"image","meta":{"_jetpack_memberships_contains_paid_content":false,"footnotes":"","jetpack_publicize_message":"","jetpack_publicize_feature_enabled":true,"jetpack_social_post_already_shared":true,"jetpack_social_options":{"image_generator_settings":{"template":"highway","default_image_id":0,"enabled":false},"version":2}},"categories":[8,1,7,3],"tags":[],"class_list":["post-30720","post","type-post","status-publish","format-image","has-post-thumbnail","hentry","category-deliberando","category-diario-armstrong","category-politica","category-region","post_format-post-format-image"],"jetpack_publicize_connections":[],"jetpack_featured_media_url":"https:\/\/armstrongyregion.com.ar\/diario\/wp-content\/uploads\/2021\/06\/WhatsApp-Image-2021-04-22-at-12.11.12-1.jpg","jetpack_shortlink":"https:\/\/wp.me\/p62QDO-7Zu","jetpack_sharing_enabled":true,"amp_enabled":true,"_links":{"self":[{"href":"https:\/\/armstrongyregion.com.ar\/diario\/wp-json\/wp\/v2\/posts\/30720","targetHints":{"allow":["GET"]}}],"collection":[{"href":"https:\/\/armstrongyregion.com.ar\/diario\/wp-json\/wp\/v2\/posts"}],"about":[{"href":"https:\/\/armstrongyregion.com.ar\/diario\/wp-json\/wp\/v2\/types\/post"}],"author":[{"embeddable":true,"href":"https:\/\/armstrongyregion.com.ar\/diario\/wp-json\/wp\/v2\/users\/1"}],"replies":[{"embeddable":true,"href":"https:\/\/armstrongyregion.com.ar\/diario\/wp-json\/wp\/v2\/comments?post=30720"}],"version-history":[{"count":1,"href":"https:\/\/armstrongyregion.com.ar\/diario\/wp-json\/wp\/v2\/posts\/30720\/revisions"}],"predecessor-version":[{"id":30722,"href":"https:\/\/armstrongyregion.com.ar\/diario\/wp-json\/wp\/v2\/posts\/30720\/revisions\/30722"}],"wp:featuredmedia":[{"embeddable":true,"href":"https:\/\/armstrongyregion.com.ar\/diario\/wp-json\/wp\/v2\/media\/30721"}],"wp:attachment":[{"href":"https:\/\/armstrongyregion.com.ar\/diario\/wp-json\/wp\/v2\/media?parent=30720"}],"wp:term":[{"taxonomy":"category","embeddable":true,"href":"https:\/\/armstrongyregion.com.ar\/diario\/wp-json\/wp\/v2\/categories?post=30720"},{"taxonomy":"post_tag","embeddable":true,"href":"https:\/\/armstrongyregion.com.ar\/diario\/wp-json\/wp\/v2\/tags?post=30720"}],"curies":[{"name":"wp","href":"https:\/\/api.w.org\/{rel}","templated":true}]}}