{"id":30698,"date":"2021-06-17T15:16:38","date_gmt":"2021-06-17T15:16:38","guid":{"rendered":"https:\/\/armstrongyregion.com.ar\/diario\/?p=30698"},"modified":"2021-06-17T15:16:42","modified_gmt":"2021-06-17T15:16:42","slug":"municipales-paran-en-defensa-de-la-seguridad-la-salud-y-la-vida","status":"publish","type":"post","link":"https:\/\/armstrongyregion.com.ar\/diario\/municipales-paran-en-defensa-de-la-seguridad-la-salud-y-la-vida\/","title":{"rendered":"Municipales paran en defensa de la seguridad, la salud y la vida."},"content":{"rendered":"\n<figure class=\"wp-block-image size-large\"><img loading=\"lazy\" decoding=\"async\" width=\"540\" height=\"258\" src=\"http:\/\/armstrongyregion.com.ar\/diario\/wp-content\/uploads\/2021\/06\/SM-festram-santa-fe-07082020-e1615929127900.jpg\" alt=\"\" class=\"wp-image-30699\" srcset=\"https:\/\/armstrongyregion.com.ar\/diario\/wp-content\/uploads\/2021\/06\/SM-festram-santa-fe-07082020-e1615929127900.jpg 540w, https:\/\/armstrongyregion.com.ar\/diario\/wp-content\/uploads\/2021\/06\/SM-festram-santa-fe-07082020-e1615929127900-300x143.jpg 300w\" sizes=\"auto, (max-width: 540px) 100vw, 540px\" \/><\/figure>\n\n\n\n<h2 class=\"wp-block-heading\">HABR\u00c1 PARO DE 24 HORAS EN TODAS LAS MUNICIPALIDADES Y COMUNAS EL PR\u00d3XIMO JUEVES 17 DE JUNIO. RECLAMAN VACUNACI\u00d3N Y SEGURIDAD, HAY M\u00c1S DE UN CENTENAR DE TRABAJADORES FALLECIDOS POR COVID.<\/h2>\n\n\n\n<p>De acuerdo a lo resuelto por el Plenario de Secretarios Generales de los Sindicatos adheridos a FESTRAM, se dispuso un paro de 24 horas en reclamo de vacunaci\u00f3n para este sector laboral que fuera declarado esencial desde el primer minuto de la Emergencia por COVID. Cada Sindicato asegurar\u00e1 la medida de fuerza garantizando las guardias m\u00ednimas y los sectores afectados directamente a la atenci\u00f3n de la Pandemia.<\/p>\n\n\n\n<p>Tal como se reclam\u00f3 al Ministerio de Trabajo, al de Salud y al propio Gobernador, los casos de COVID se incrementaron en un 350%, 3 de cada 10 casos fueron contra\u00eddos en el \u00e1mbito laboral. Consideramos justo que se hayan vacunados a otros sectores, pero se excluyeron \u2013entre otros- a docentes municipales. Se vacun\u00f3 a todo el personal de seguridad, pero en los operativos participa mayoritariamente el personal municipal y comunal. Se vacun\u00f3 a empleados privados de servicios f\u00fanebres, pero la manipulaci\u00f3n de f\u00e9retros y cad\u00e1veres lo hacen quienes trabajan en los cementerios. Hoy las \u00e1reas de Control, Recolecci\u00f3n de Residuos, Desarrollo Social, trabajadores afectados a Defensa Civil, Tr\u00e1nsito, Polic\u00eda Municipal, Inspectores y Guardias Urbanas, \u00e1reas de servicios como alumbrado, obras sanitarias, aguas y tantas otras actividades est\u00e1n igualmente expuestos que otros sectores ya vacunados.<\/p>\n\n\n\n<p>Funcionarios de la Provincia convocan espec\u00edficamente a personal municipal y comunal, a trav\u00e9s de sus autoridades, a colaborar en los operativos de control y asistencia sanitaria pero ignoran la necesidad de su vacunaci\u00f3n y el \u00edndice de contagios y fallecimientos de nuestros compa\u00f1eros y compa\u00f1eras.<br>Incluso hemos tomado conocimiento de gestiones realizadas por Intendentes y Presidentes Comunales, para exigir la vacunaci\u00f3n, pero tampoco han sido atendidas, es decir, no hay vacunas para un servicio declarado Esencial en Pandemia como lo es el Municipal.<br><\/p>\n\n\n\n<h2 class=\"wp-block-heading\">SEGURIDAD P\u00daBLICA<br><\/h2>\n\n\n\n<p>La medida de fuerza, adem\u00e1s de exigir la vacunaci\u00f3n de todo el personal en riesgo, reclama por la integridad f\u00edsica de los trabajadores municipales y comunales que son enviados a la realizaci\u00f3n de operativos para el cumplimiento de Protocolos, y son v\u00edctimas de graves agresiones por parte de los infractores. Las respuestas violentas y hasta el uso de la fuerza, son una constante en cada operativo.<br><\/p>\n","protected":false},"excerpt":{"rendered":"<p>HABR\u00c1 PARO DE 24 HORAS EN TODAS LAS MUNICIPALIDADES Y COMUNAS EL PR\u00d3XIMO JUEVES 17 DE JUNIO. RECLAMAN VACUNACI\u00d3N Y SEGURIDAD, HAY M\u00c1S DE UN CENTENAR DE TRABAJADORES FALLECIDOS POR COVID. De acuerdo a lo resuelto por el Plenario de Secretarios Generales de los Sindicatos adheridos a FESTRAM, se dispuso un paro de 24 horas <a href=\"https:\/\/armstrongyregion.com.ar\/diario\/municipales-paran-en-defensa-de-la-seguridad-la-salud-y-la-vida\/\" title=\"Read more\" >&#8230;<\/a><\/p>\n","protected":false},"author":1,"featured_media":30699,"comment_status":"open","ping_status":"open","sticky":false,"template":"","format":"image","meta":{"_jetpack_memberships_contains_paid_content":false,"footnotes":"","jetpack_publicize_message":"","jetpack_publicize_feature_enabled":true,"jetpack_social_post_already_shared":true,"jetpack_social_options":{"image_generator_settings":{"template":"highway","default_image_id":0,"enabled":false},"version":2}},"categories":[8,1,2,7,3],"tags":[],"class_list":["post-30698","post","type-post","status-publish","format-image","has-post-thumbnail","hentry","category-deliberando","category-diario-armstrong","category-locales","category-politica","category-region","post_format-post-format-image"],"jetpack_publicize_connections":[],"jetpack_featured_media_url":"https:\/\/armstrongyregion.com.ar\/diario\/wp-content\/uploads\/2021\/06\/SM-festram-santa-fe-07082020-e1615929127900.jpg","jetpack_shortlink":"https:\/\/wp.me\/p62QDO-7Z8","jetpack_sharing_enabled":true,"amp_enabled":true,"_links":{"self":[{"href":"https:\/\/armstrongyregion.com.ar\/diario\/wp-json\/wp\/v2\/posts\/30698","targetHints":{"allow":["GET"]}}],"collection":[{"href":"https:\/\/armstrongyregion.com.ar\/diario\/wp-json\/wp\/v2\/posts"}],"about":[{"href":"https:\/\/armstrongyregion.com.ar\/diario\/wp-json\/wp\/v2\/types\/post"}],"author":[{"embeddable":true,"href":"https:\/\/armstrongyregion.com.ar\/diario\/wp-json\/wp\/v2\/users\/1"}],"replies":[{"embeddable":true,"href":"https:\/\/armstrongyregion.com.ar\/diario\/wp-json\/wp\/v2\/comments?post=30698"}],"version-history":[{"count":1,"href":"https:\/\/armstrongyregion.com.ar\/diario\/wp-json\/wp\/v2\/posts\/30698\/revisions"}],"predecessor-version":[{"id":30700,"href":"https:\/\/armstrongyregion.com.ar\/diario\/wp-json\/wp\/v2\/posts\/30698\/revisions\/30700"}],"wp:featuredmedia":[{"embeddable":true,"href":"https:\/\/armstrongyregion.com.ar\/diario\/wp-json\/wp\/v2\/media\/30699"}],"wp:attachment":[{"href":"https:\/\/armstrongyregion.com.ar\/diario\/wp-json\/wp\/v2\/media?parent=30698"}],"wp:term":[{"taxonomy":"category","embeddable":true,"href":"https:\/\/armstrongyregion.com.ar\/diario\/wp-json\/wp\/v2\/categories?post=30698"},{"taxonomy":"post_tag","embeddable":true,"href":"https:\/\/armstrongyregion.com.ar\/diario\/wp-json\/wp\/v2\/tags?post=30698"}],"curies":[{"name":"wp","href":"https:\/\/api.w.org\/{rel}","templated":true}]}}