{"id":30686,"date":"2021-06-17T00:23:13","date_gmt":"2021-06-17T00:23:13","guid":{"rendered":"https:\/\/armstrongyregion.com.ar\/diario\/?p=30686"},"modified":"2021-06-17T00:23:17","modified_gmt":"2021-06-17T00:23:17","slug":"66-anos-del-bombardeo-a-plaza-de-mayo-por-ruben-eduardo-kelo-moreno","status":"publish","type":"post","link":"https:\/\/armstrongyregion.com.ar\/diario\/66-anos-del-bombardeo-a-plaza-de-mayo-por-ruben-eduardo-kelo-moreno\/","title":{"rendered":"66 A\u00f1os Del Bombardeo A Plaza De Mayo. Por  Ruben Eduardo Kelo Moreno."},"content":{"rendered":"\n<figure class=\"wp-block-image size-large\"><img loading=\"lazy\" decoding=\"async\" width=\"500\" height=\"229\" src=\"http:\/\/armstrongyregion.com.ar\/diario\/wp-content\/uploads\/2021\/06\/66-a\u00f1os-bombardeo-1-.jpg\" alt=\"\" class=\"wp-image-30687\" srcset=\"https:\/\/armstrongyregion.com.ar\/diario\/wp-content\/uploads\/2021\/06\/66-a\u00f1os-bombardeo-1-.jpg 500w, https:\/\/armstrongyregion.com.ar\/diario\/wp-content\/uploads\/2021\/06\/66-a\u00f1os-bombardeo-1--300x137.jpg 300w\" sizes=\"auto, (max-width: 500px) 100vw, 500px\" \/><\/figure>\n\n\n\n<p>El bombardeo del 16 de junio de 1955 a Plaza de Mayo, fue la antesala del golpe que derroc\u00f3 al Presidente Juan Domingo Per\u00f3n en septiembre del mismo a\u00f1o.<\/p>\n\n\n\n<figure class=\"wp-block-image size-large\"><img loading=\"lazy\" decoding=\"async\" width=\"640\" height=\"360\" src=\"http:\/\/armstrongyregion.com.ar\/diario\/wp-content\/uploads\/2021\/06\/Bombardeo-a-Plaza-de-Mayo-por-Daniel-Santoro.jpg\" alt=\"\" class=\"wp-image-30688\" srcset=\"https:\/\/armstrongyregion.com.ar\/diario\/wp-content\/uploads\/2021\/06\/Bombardeo-a-Plaza-de-Mayo-por-Daniel-Santoro.jpg 640w, https:\/\/armstrongyregion.com.ar\/diario\/wp-content\/uploads\/2021\/06\/Bombardeo-a-Plaza-de-Mayo-por-Daniel-Santoro-300x169.jpg 300w\" sizes=\"auto, (max-width: 640px) 100vw, 640px\" \/><\/figure>\n\n\n\n<p>La masacre de Plaza de Mayo dej\u00f3 308 muertos, la mayor\u00eda civiles, seg\u00fan estableci\u00f3 una investigaci\u00f3n del Archivo Nacional de la Memoria (ANM) divulgada en el 2009 por el entonces secretario de Derechos Humanos, Eduardo Luis Duhalde.<\/p>\n\n\n\n<p>S\u00f3lo 12 de los fallecidos (4 por ciento del total) estaban adentro de la Casa de Gobierno, donde impactaron 29 bombas, de las que estallaron seis.<\/p>\n\n\n\n<p>\u201cEl resto de las bombas, proyectiles y fusiles semiautom\u00e1ticos FN de fabricaci\u00f3n belga que los infantes de Marina estrenaron ese d\u00eda estuvieron dirigidos a la poblaci\u00f3n\u201d, seg\u00fan el informe con las principales conclusiones de la investigaci\u00f3n del ANM.<\/p>\n\n\n\n<p>En \u201cconnivencia con sectores pol\u00edticos y eclesi\u00e1sticos\u201d, las Fuerzas Armadas \u201cdescargaron sus bombas y ametralladoras\u201d contra la poblaci\u00f3n civil \u201ccomo forma de implantar el terror y el escarmiento, para lograr la toma del poder\u201d<\/p>\n\n\n\n<p>Hoy sigue intacto&nbsp;&nbsp;la cultura del odio a lo popular&nbsp;&nbsp;con otros rostros;&nbsp;&nbsp;legado&nbsp;&nbsp;de otras generaciones que les fueron inculcando y lo siguen regando para que no se marchite. Cualquier excusa es v\u00e1lida para manifestarlo ,&nbsp;&nbsp;creemos&nbsp;&nbsp;que solo es de&nbsp;&nbsp;la derecha y como en el 55 hay un gran arco pol\u00edtico que ya no lo&nbsp;&nbsp;oculta, es lamentable que aquellos&nbsp;&nbsp;que proclaman que defienden la vida , a los desprotegidos ,lo popular , es solamente&nbsp;&nbsp;un espejo para verse, hasta les debe ser molesto&nbsp;&nbsp;llevar esa mochila colmada de contradicciones.<\/p>\n\n\n\n<p>&nbsp;La divisi\u00f3n los envalenton\u00f3,&nbsp;&nbsp;&nbsp;no es excusa la predica medi\u00e1tica,&nbsp;&nbsp;esos nombres cargados de odio y desprecio que le ponen a las mayor\u00edas populares y sobre todo al peronismo hasta&nbsp;&nbsp;les molesta las pol\u00edticas populistas;&nbsp;&nbsp;toman la palabra populismo como si fuera mala palabra como tantas otras que se fueron deformando a trav\u00e9s del tiempo(Populismo una postura pol\u00edtica que busca, a trav\u00e9s de diversas estrategias, el apoyo y consentimiento de las clases populares. Sin embargo, el t\u00e9rmino populismo es considerado mucho m\u00e1s amplio y complejo de definir.<\/p>\n\n\n\n<p>Esto se debe a que se denomina como \u2018populismo\u2019 a diversas realidades, propuestas y estrategias pol\u00edticas, econ\u00f3micas, sociales y culturales, que proponen defender los intereses generales de la sociedad a fin de alcanzar el bienestar com\u00fan de los ciudadanos.)<\/p>\n\n\n\n<p>Hoy a 66 a\u00f1os nos\u00a0\u00a0preguntamos\u00a0\u00a0si lo volver\u00edan hacer, creemos que si porque en la mayor\u00eda de sus manifestaciones todav\u00eda no se bajaron de los aviones, cambiaron bombas por palabras ofensivas que siguen doliendo, siguen predicando la muerte ante la vida.\u00a0<\/p>\n\n\n\n<p>Ruben Eduardo Kelo Moreno <\/p>\n","protected":false},"excerpt":{"rendered":"<p>El bombardeo del 16 de junio de 1955 a Plaza de Mayo, fue la antesala del golpe que derroc\u00f3 al Presidente Juan Domingo Per\u00f3n en septiembre del mismo a\u00f1o. La masacre de Plaza de Mayo dej\u00f3 308 muertos, la mayor\u00eda civiles, seg\u00fan estableci\u00f3 una investigaci\u00f3n del Archivo Nacional de la Memoria (ANM) divulgada en el <a href=\"https:\/\/armstrongyregion.com.ar\/diario\/66-anos-del-bombardeo-a-plaza-de-mayo-por-ruben-eduardo-kelo-moreno\/\" title=\"Read more\" >&#8230;<\/a><\/p>\n","protected":false},"author":1,"featured_media":30687,"comment_status":"open","ping_status":"open","sticky":false,"template":"","format":"image","meta":{"_jetpack_memberships_contains_paid_content":false,"footnotes":"","jetpack_publicize_message":"","jetpack_publicize_feature_enabled":true,"jetpack_social_post_already_shared":true,"jetpack_social_options":{"image_generator_settings":{"template":"highway","default_image_id":0,"enabled":false},"version":2}},"categories":[8,1,2,7,3],"tags":[],"class_list":["post-30686","post","type-post","status-publish","format-image","has-post-thumbnail","hentry","category-deliberando","category-diario-armstrong","category-locales","category-politica","category-region","post_format-post-format-image"],"jetpack_publicize_connections":[],"jetpack_featured_media_url":"https:\/\/armstrongyregion.com.ar\/diario\/wp-content\/uploads\/2021\/06\/66-a\u00f1os-bombardeo-1-.jpg","jetpack_shortlink":"https:\/\/wp.me\/p62QDO-7YW","jetpack_sharing_enabled":true,"amp_enabled":true,"_links":{"self":[{"href":"https:\/\/armstrongyregion.com.ar\/diario\/wp-json\/wp\/v2\/posts\/30686","targetHints":{"allow":["GET"]}}],"collection":[{"href":"https:\/\/armstrongyregion.com.ar\/diario\/wp-json\/wp\/v2\/posts"}],"about":[{"href":"https:\/\/armstrongyregion.com.ar\/diario\/wp-json\/wp\/v2\/types\/post"}],"author":[{"embeddable":true,"href":"https:\/\/armstrongyregion.com.ar\/diario\/wp-json\/wp\/v2\/users\/1"}],"replies":[{"embeddable":true,"href":"https:\/\/armstrongyregion.com.ar\/diario\/wp-json\/wp\/v2\/comments?post=30686"}],"version-history":[{"count":1,"href":"https:\/\/armstrongyregion.com.ar\/diario\/wp-json\/wp\/v2\/posts\/30686\/revisions"}],"predecessor-version":[{"id":30689,"href":"https:\/\/armstrongyregion.com.ar\/diario\/wp-json\/wp\/v2\/posts\/30686\/revisions\/30689"}],"wp:featuredmedia":[{"embeddable":true,"href":"https:\/\/armstrongyregion.com.ar\/diario\/wp-json\/wp\/v2\/media\/30687"}],"wp:attachment":[{"href":"https:\/\/armstrongyregion.com.ar\/diario\/wp-json\/wp\/v2\/media?parent=30686"}],"wp:term":[{"taxonomy":"category","embeddable":true,"href":"https:\/\/armstrongyregion.com.ar\/diario\/wp-json\/wp\/v2\/categories?post=30686"},{"taxonomy":"post_tag","embeddable":true,"href":"https:\/\/armstrongyregion.com.ar\/diario\/wp-json\/wp\/v2\/tags?post=30686"}],"curies":[{"name":"wp","href":"https:\/\/api.w.org\/{rel}","templated":true}]}}