{"id":30642,"date":"2021-06-14T21:03:07","date_gmt":"2021-06-14T21:03:07","guid":{"rendered":"https:\/\/armstrongyregion.com.ar\/diario\/?p=30642"},"modified":"2021-06-14T23:57:25","modified_gmt":"2021-06-14T23:57:25","slug":"la-senadora-maria-de-los-angeles-sacnum-estuvo-de-recorrida-por-el-departamento-belgrano","status":"publish","type":"post","link":"https:\/\/armstrongyregion.com.ar\/diario\/la-senadora-maria-de-los-angeles-sacnum-estuvo-de-recorrida-por-el-departamento-belgrano\/","title":{"rendered":"La Senadora Mar\u00eda de los \u00c1ngeles Sacnun estuvo de recorrida por el Departamento Belgrano."},"content":{"rendered":"\n<figure class=\"wp-block-image size-large\"><img loading=\"lazy\" decoding=\"async\" width=\"511\" height=\"299\" src=\"http:\/\/armstrongyregion.com.ar\/diario\/wp-content\/uploads\/2021\/06\/Sacnum-Raffo.jpg\" alt=\"\" class=\"wp-image-30643\" srcset=\"https:\/\/armstrongyregion.com.ar\/diario\/wp-content\/uploads\/2021\/06\/Sacnum-Raffo.jpg 511w, https:\/\/armstrongyregion.com.ar\/diario\/wp-content\/uploads\/2021\/06\/Sacnum-Raffo-300x176.jpg 300w\" sizes=\"auto, (max-width: 511px) 100vw, 511px\" \/><\/figure>\n\n\n\n<p> La Senadora Nacional, arranc\u00f3 su recorrida esta ma\u00f1ana por Bouquet, donde se reuni\u00f3 con el  Presidente Comunal Luis Raffo Echegaray y Mario Gaset, Tesorero de la comuna. Visitaron la Escuela N\u00b0 1223 \u201cManuel Belgrano\u201d &#8211; N\u00facleo Rural E.E.M. N\u00ba 1352 , guiados por la Directora de la Instituci\u00f3n, Silvina Noriega. \u201cAqu\u00ed la idea es avanzar en la creaci\u00f3n de una Escuela Secundaria Agrot\u00e9cnica, con un Perfil Agroecol\u00f3gico y orientada a la Cadena L\u00e1ctea. De este modo, podremos crear un polo educativo que genere inclusi\u00f3n, arraigo y m\u00e1s oportunidades para los vecinos y vecinas\u201d.<\/p>\n\n\n\n<figure class=\"wp-block-image size-large\"><img loading=\"lazy\" decoding=\"async\" width=\"584\" height=\"299\" src=\"http:\/\/armstrongyregion.com.ar\/diario\/wp-content\/uploads\/2021\/06\/Compagnucci-Sacnum-.jpg\" alt=\"\" class=\"wp-image-30644\" srcset=\"https:\/\/armstrongyregion.com.ar\/diario\/wp-content\/uploads\/2021\/06\/Compagnucci-Sacnum-.jpg 584w, https:\/\/armstrongyregion.com.ar\/diario\/wp-content\/uploads\/2021\/06\/Compagnucci-Sacnum--300x154.jpg 300w\" sizes=\"auto, (max-width: 584px) 100vw, 584px\" \/><\/figure>\n\n\n\n<figure class=\"wp-block-image size-large\"><img loading=\"lazy\" decoding=\"async\" width=\"640\" height=\"299\" src=\"http:\/\/armstrongyregion.com.ar\/diario\/wp-content\/uploads\/2021\/06\/Sacnum-Compagnucci-.jpg\" alt=\"\" class=\"wp-image-30646\" srcset=\"https:\/\/armstrongyregion.com.ar\/diario\/wp-content\/uploads\/2021\/06\/Sacnum-Compagnucci-.jpg 640w, https:\/\/armstrongyregion.com.ar\/diario\/wp-content\/uploads\/2021\/06\/Sacnum-Compagnucci--300x140.jpg 300w\" sizes=\"auto, (max-width: 640px) 100vw, 640px\" \/><\/figure>\n\n\n\n<p> Luego se dirigi\u00f3 con su comitiva  hacia Las Parejas donde la recibi\u00f3 en su despacho el intendente Horacio Compagnucci y recorrieron el \u00e1rea industrial. Visitaron  las empresas Acer\u00eda C4, Maquinas OMBU y B\u00fafalo,   Sacnun expres\u00f3: \u201cQueremos lograr un trabajo articulado con la localidad y el sector productivo, ya que es una ciudad con una diversificaci\u00f3n muy grande, ejemplo de una gran sinergia entre trabajadores, empresas y municipio\u00bb. <\/p>\n\n\n\n<figure class=\"wp-block-image size-large\"><img loading=\"lazy\" decoding=\"async\" width=\"640\" height=\"299\" src=\"http:\/\/armstrongyregion.com.ar\/diario\/wp-content\/uploads\/2021\/06\/Achilli-Sacnum-.jpg\" alt=\"\" class=\"wp-image-30645\" srcset=\"https:\/\/armstrongyregion.com.ar\/diario\/wp-content\/uploads\/2021\/06\/Achilli-Sacnum-.jpg 640w, https:\/\/armstrongyregion.com.ar\/diario\/wp-content\/uploads\/2021\/06\/Achilli-Sacnum--300x140.jpg 300w\" sizes=\"auto, (max-width: 640px) 100vw, 640px\" \/><\/figure>\n\n\n\n<p> Finalmente se dirigieron a la ciudad de Armstrong, donde la esperaron y recibieron los concejales Dr. Augusto Fischer,  el Concejal Guillermo Marconi y Elina Franceschina entre otros militantes del Frente de Todos. Sacnun en dialogo con los medios locales dijo: \u201cEstamos aqu\u00ed porque tomamos el compromiso de apuntalar el trabajo hecho hasta ahora y acercar todos los programas que tenemos en beneficio de los parques industriales. Apostamos al desarrollo industrial para recuperar la generaci\u00f3n de empleo y oportunidades\u00bb. En la ciudad recorrieron las empresas Termoplast y Monumental de Achilli-Dibatista.<\/p>\n\n\n\n<figure class=\"wp-block-image size-large\"><img loading=\"lazy\" decoding=\"async\" width=\"540\" height=\"534\" src=\"http:\/\/armstrongyregion.com.ar\/diario\/wp-content\/uploads\/2021\/06\/Sacnum-Augusto-1-1.jpg\" alt=\"\" class=\"wp-image-30648\" srcset=\"https:\/\/armstrongyregion.com.ar\/diario\/wp-content\/uploads\/2021\/06\/Sacnum-Augusto-1-1.jpg 540w, https:\/\/armstrongyregion.com.ar\/diario\/wp-content\/uploads\/2021\/06\/Sacnum-Augusto-1-1-300x297.jpg 300w\" sizes=\"auto, (max-width: 540px) 100vw, 540px\" \/><\/figure>\n\n\n\n<p> \u00bb\u00a0Queremos recuperar el proceso industrial que fren\u00f3 la pandemia. Por eso el gobierno de Alberto y de Cristina apost\u00f3 a acompa\u00f1ar al sector del trabajo, el comercio y de la industria, a trav\u00e9s de los Repro, los ATP. Y aqu\u00ed estamos para incentivar esta pol\u00edtica de recuperaci\u00f3n de empleo y de creaci\u00f3n de oportunidades. El \u00e1rea industrial de Armstrong es ejemplar para Santa Fe\u00bb.<br>En conferencia de prensa con los medios locales, Sacnun se refiri\u00f3 a la Hidrov\u00eda al se\u00f1alar que: \u00abQueremos que la palabra de la provincia de Santa Fe se escuche porque el sistema de Navegaci\u00f3n Troncal tiene incidencia directa en las exportaciones, porque de los puertos santafesinos salen la cuarta parte de lo que exporta la Argentina. Queremos ir hacia un modelo de desarrollo del arraigo y de la generaci\u00f3n de valor agregado\u00bb. <\/p>\n","protected":false},"excerpt":{"rendered":"<p>La Senadora Nacional, arranc\u00f3 su recorrida esta ma\u00f1ana por Bouquet, donde se reuni\u00f3 con el Presidente Comunal Luis Raffo Echegaray y Mario Gaset, Tesorero de la comuna. Visitaron la Escuela N\u00b0 1223 \u201cManuel Belgrano\u201d &#8211; N\u00facleo Rural E.E.M. N\u00ba 1352 , guiados por la Directora de la Instituci\u00f3n, Silvina Noriega. \u201cAqu\u00ed la idea es avanzar <a href=\"https:\/\/armstrongyregion.com.ar\/diario\/la-senadora-maria-de-los-angeles-sacnum-estuvo-de-recorrida-por-el-departamento-belgrano\/\" title=\"Read more\" >&#8230;<\/a><\/p>\n","protected":false},"author":1,"featured_media":30647,"comment_status":"open","ping_status":"open","sticky":false,"template":"","format":"image","meta":{"_jetpack_memberships_contains_paid_content":false,"footnotes":"","jetpack_publicize_message":"","jetpack_publicize_feature_enabled":true,"jetpack_social_post_already_shared":true,"jetpack_social_options":{"image_generator_settings":{"template":"highway","default_image_id":0,"enabled":false},"version":2}},"categories":[8,1,2,7,3],"tags":[],"class_list":["post-30642","post","type-post","status-publish","format-image","has-post-thumbnail","hentry","category-deliberando","category-diario-armstrong","category-locales","category-politica","category-region","post_format-post-format-image"],"jetpack_publicize_connections":[],"jetpack_featured_media_url":"https:\/\/armstrongyregion.com.ar\/diario\/wp-content\/uploads\/2021\/06\/Sacnum-Augusto-.jpg","jetpack_shortlink":"https:\/\/wp.me\/p62QDO-7Ye","jetpack_sharing_enabled":true,"amp_enabled":true,"_links":{"self":[{"href":"https:\/\/armstrongyregion.com.ar\/diario\/wp-json\/wp\/v2\/posts\/30642","targetHints":{"allow":["GET"]}}],"collection":[{"href":"https:\/\/armstrongyregion.com.ar\/diario\/wp-json\/wp\/v2\/posts"}],"about":[{"href":"https:\/\/armstrongyregion.com.ar\/diario\/wp-json\/wp\/v2\/types\/post"}],"author":[{"embeddable":true,"href":"https:\/\/armstrongyregion.com.ar\/diario\/wp-json\/wp\/v2\/users\/1"}],"replies":[{"embeddable":true,"href":"https:\/\/armstrongyregion.com.ar\/diario\/wp-json\/wp\/v2\/comments?post=30642"}],"version-history":[{"count":6,"href":"https:\/\/armstrongyregion.com.ar\/diario\/wp-json\/wp\/v2\/posts\/30642\/revisions"}],"predecessor-version":[{"id":30655,"href":"https:\/\/armstrongyregion.com.ar\/diario\/wp-json\/wp\/v2\/posts\/30642\/revisions\/30655"}],"wp:featuredmedia":[{"embeddable":true,"href":"https:\/\/armstrongyregion.com.ar\/diario\/wp-json\/wp\/v2\/media\/30647"}],"wp:attachment":[{"href":"https:\/\/armstrongyregion.com.ar\/diario\/wp-json\/wp\/v2\/media?parent=30642"}],"wp:term":[{"taxonomy":"category","embeddable":true,"href":"https:\/\/armstrongyregion.com.ar\/diario\/wp-json\/wp\/v2\/categories?post=30642"},{"taxonomy":"post_tag","embeddable":true,"href":"https:\/\/armstrongyregion.com.ar\/diario\/wp-json\/wp\/v2\/tags?post=30642"}],"curies":[{"name":"wp","href":"https:\/\/api.w.org\/{rel}","templated":true}]}}