{"id":30613,"date":"2021-06-12T23:24:40","date_gmt":"2021-06-12T23:24:40","guid":{"rendered":"https:\/\/armstrongyregion.com.ar\/diario\/?p=30613"},"modified":"2021-06-12T23:24:43","modified_gmt":"2021-06-12T23:24:43","slug":"plan-incluir-la-provincia-suscribio-convenios-por-mas-de-7-300-000-con-instituciones-de-los-departamentos-belgrano-y-constitucion","status":"publish","type":"post","link":"https:\/\/armstrongyregion.com.ar\/diario\/plan-incluir-la-provincia-suscribio-convenios-por-mas-de-7-300-000-con-instituciones-de-los-departamentos-belgrano-y-constitucion\/","title":{"rendered":"Plan Incluir: la provincia suscribi\u00f3 convenios por m\u00e1s de $7.300.000 con instituciones de los Departamentos Belgrano y Constituci\u00f3n."},"content":{"rendered":"\n<figure class=\"wp-block-image size-large\"><img loading=\"lazy\" decoding=\"async\" width=\"570\" height=\"320\" src=\"http:\/\/armstrongyregion.com.ar\/diario\/wp-content\/uploads\/2021\/06\/unnamed-2021-06-12T202147.269.jpg\" alt=\"\" class=\"wp-image-30614\" srcset=\"https:\/\/armstrongyregion.com.ar\/diario\/wp-content\/uploads\/2021\/06\/unnamed-2021-06-12T202147.269.jpg 570w, https:\/\/armstrongyregion.com.ar\/diario\/wp-content\/uploads\/2021\/06\/unnamed-2021-06-12T202147.269-300x168.jpg 300w\" sizes=\"auto, (max-width: 570px) 100vw, 570px\" \/><\/figure>\n\n\n\n<h2 class=\"wp-block-heading\"> A trav\u00e9s de este programa nos acercamos al territorio para llevar adelante propuestas de integraci\u00f3n e igualdad\u201d afirm\u00f3 el ministro de Desarrollo Social, Danilo Capitani. <\/h2>\n\n\n\n<p>\n\nEl Ministerio de Desarrollo Social, en el marco del Plan Incluir, realiz\u00f3 este viernes, en la sede de gobierno de la ciudad de Rosario, la firma de convenios con instituciones de los departamentos Belgrano y Constituci\u00f3n por un monto de m\u00e1s de 7.300.000 de pesos.<\/p>\n\n\n\n<p>En este marco, el ministro de Desarrollo Social, Danilo Capitani expres\u00f3: \u201cA trav\u00e9s de este programa nos acercamos al territorio para llevar adelante propuestas de integraci\u00f3n e igualdad, construyendo puentes que favorezcan a la eliminaci\u00f3n de la grieta social y fundamentalmente la desigualdad. Es un programa que llega a las instituciones intermedias y es una de las herramientas que tiene el Estado para llegar a cada una de las personas en el territorio, es decir que los recursos vuelvan a la gente\u201d.<\/p>\n\n\n\n<p>Por su parte, el secretario de Pol\u00edticas de Inclusi\u00f3n y Desarrollo Territorial, Fernando Mazziotta, afirm\u00f3: \u201cPara nuestra gesti\u00f3n las instituciones sociales son actores fundamentales y parte del entramado social del territorio santafesino en favor de la reconstrucci\u00f3n de los v\u00ednculos pos pandemia, y para ello el plan Incluir es una de las mejores herramientas para lograr este objetivo\u201d.<\/p>\n\n\n\n<p>Para finalizar, el secretario de Turismo, Alejandro Grandinetti dijo: \u201cla comunidad que se organiza, que genera puentes solidarios, que es capaz de dar respuesta a trav\u00e9s de actividades culturales o sociales es la esencia de la pol\u00edtica. El gobernador permanentemente nos dice que tenemos que generar herramientas que transformen la realidad y la vida cotidiana de todos y todas, porque si no estamos transformando la realidad no cumplimos con nuestro rol de funcionarios\u201d.<\/p>\n\n\n\n<p>Tambi\u00e9n participaron el director provincial de Desarrollo Territorial Rosario, Camilo Scaglia, autoridades comunales y de las instituciones firmantes.<\/p>\n\n\n\n<p><strong>APORTES<\/strong><br>Los aportes realizados por el gobierno de la provincia ser\u00e1n destinados a 9 instituciones para reformas edilicias y compra de insumos. Las beneficiarias ser\u00e1n: Asociaci\u00f3n Civil Club Atl\u00e9tico Uni\u00f3n de Tortugas y Sportivo Atl\u00e9tico Club de Las Parejas, del Departamento Belgrano y Club Atl\u00e9tico Porvenir Talleres de Villa Constituci\u00f3n, Club Atl\u00e9tico Riberas del Paran\u00e1, Biblioteca Popular Bernardino Rivadavia, Santa Teresa, Asociaci\u00f3n de Bomberos Voluntarios de Pav\u00f3n Arriba, Asociaci\u00f3n Civil Entramados de M\u00e1ximo Paz, Asociaci\u00f3n Civil Bomberos Voluntarios de Empalme Villa Constituci\u00f3n y Biblioteca Popular Belisario Rold\u00e1n de Alcorta, del Departamento Constituci\u00f3n.<\/p>\n\n\n\n<p><strong>PLAN INCLUIR<\/strong><br>El Plan Incluir es un dispositivo multiagencial y multiministerial que se lleva adelante junto a municipios y al Ministerio Publico de la Acusaci\u00f3n (MPA), con el objetivo mejorar la calidad de vida de vecinos y vecinas en los barrios y la poblaci\u00f3n m\u00e1s vulnerables, a partir de una intervenci\u00f3n integral.<\/p>\n\n\n\n<p>Tiene como eje de gesti\u00f3n el trabajo sobre los barrios y la poblaci\u00f3n m\u00e1s vulnerables, los factores de riesgo asociados a la delincuencia, principalmente en lugares con mayores desventajas sociales, educativas, culturales, comunitarias, f\u00edsicas y ambientales, con la incorporaci\u00f3n de mesas participativas y organizaciones de la sociedad civil.<\/p>\n","protected":false},"excerpt":{"rendered":"<p>A trav\u00e9s de este programa nos acercamos al territorio para llevar adelante propuestas de integraci\u00f3n e igualdad\u201d afirm\u00f3 el ministro de Desarrollo Social, Danilo Capitani. El Ministerio de Desarrollo Social, en el marco del Plan Incluir, realiz\u00f3 este viernes, en la sede de gobierno de la ciudad de Rosario, la firma de convenios con instituciones <a href=\"https:\/\/armstrongyregion.com.ar\/diario\/plan-incluir-la-provincia-suscribio-convenios-por-mas-de-7-300-000-con-instituciones-de-los-departamentos-belgrano-y-constitucion\/\" title=\"Read more\" >&#8230;<\/a><\/p>\n","protected":false},"author":1,"featured_media":30614,"comment_status":"open","ping_status":"open","sticky":false,"template":"","format":"image","meta":{"_jetpack_memberships_contains_paid_content":false,"footnotes":"","jetpack_publicize_message":"","jetpack_publicize_feature_enabled":true,"jetpack_social_post_already_shared":true,"jetpack_social_options":{"image_generator_settings":{"template":"highway","default_image_id":0,"enabled":false},"version":2}},"categories":[8,1,2,7,3],"tags":[],"class_list":["post-30613","post","type-post","status-publish","format-image","has-post-thumbnail","hentry","category-deliberando","category-diario-armstrong","category-locales","category-politica","category-region","post_format-post-format-image"],"jetpack_publicize_connections":[],"jetpack_featured_media_url":"https:\/\/armstrongyregion.com.ar\/diario\/wp-content\/uploads\/2021\/06\/unnamed-2021-06-12T202147.269.jpg","jetpack_shortlink":"https:\/\/wp.me\/p62QDO-7XL","jetpack_sharing_enabled":true,"amp_enabled":true,"_links":{"self":[{"href":"https:\/\/armstrongyregion.com.ar\/diario\/wp-json\/wp\/v2\/posts\/30613","targetHints":{"allow":["GET"]}}],"collection":[{"href":"https:\/\/armstrongyregion.com.ar\/diario\/wp-json\/wp\/v2\/posts"}],"about":[{"href":"https:\/\/armstrongyregion.com.ar\/diario\/wp-json\/wp\/v2\/types\/post"}],"author":[{"embeddable":true,"href":"https:\/\/armstrongyregion.com.ar\/diario\/wp-json\/wp\/v2\/users\/1"}],"replies":[{"embeddable":true,"href":"https:\/\/armstrongyregion.com.ar\/diario\/wp-json\/wp\/v2\/comments?post=30613"}],"version-history":[{"count":1,"href":"https:\/\/armstrongyregion.com.ar\/diario\/wp-json\/wp\/v2\/posts\/30613\/revisions"}],"predecessor-version":[{"id":30615,"href":"https:\/\/armstrongyregion.com.ar\/diario\/wp-json\/wp\/v2\/posts\/30613\/revisions\/30615"}],"wp:featuredmedia":[{"embeddable":true,"href":"https:\/\/armstrongyregion.com.ar\/diario\/wp-json\/wp\/v2\/media\/30614"}],"wp:attachment":[{"href":"https:\/\/armstrongyregion.com.ar\/diario\/wp-json\/wp\/v2\/media?parent=30613"}],"wp:term":[{"taxonomy":"category","embeddable":true,"href":"https:\/\/armstrongyregion.com.ar\/diario\/wp-json\/wp\/v2\/categories?post=30613"},{"taxonomy":"post_tag","embeddable":true,"href":"https:\/\/armstrongyregion.com.ar\/diario\/wp-json\/wp\/v2\/tags?post=30613"}],"curies":[{"name":"wp","href":"https:\/\/api.w.org\/{rel}","templated":true}]}}