{"id":30607,"date":"2021-06-12T23:08:22","date_gmt":"2021-06-12T23:08:22","guid":{"rendered":"https:\/\/armstrongyregion.com.ar\/diario\/?p=30607"},"modified":"2021-06-12T23:08:24","modified_gmt":"2021-06-12T23:08:24","slug":"clerici-gestiona-obra-de-iluminacion-y-cantero-central-para-el-tramo-urbano-de-la-ruta-9","status":"publish","type":"post","link":"https:\/\/armstrongyregion.com.ar\/diario\/clerici-gestiona-obra-de-iluminacion-y-cantero-central-para-el-tramo-urbano-de-la-ruta-9\/","title":{"rendered":"Cl\u00e9rici gestiona obra de iluminaci\u00f3n y cantero central para el tramo urbano de la Ruta 9."},"content":{"rendered":"\n<figure class=\"wp-block-image size-large\"><img loading=\"lazy\" decoding=\"async\" width=\"640\" height=\"480\" src=\"http:\/\/armstrongyregion.com.ar\/diario\/wp-content\/uploads\/2021\/06\/clerici-iluminacion-.jpg\" alt=\"\" class=\"wp-image-30608\" srcset=\"https:\/\/armstrongyregion.com.ar\/diario\/wp-content\/uploads\/2021\/06\/clerici-iluminacion-.jpg 640w, https:\/\/armstrongyregion.com.ar\/diario\/wp-content\/uploads\/2021\/06\/clerici-iluminacion--300x225.jpg 300w\" sizes=\"auto, (max-width: 640px) 100vw, 640px\" \/><\/figure>\n\n\n\n<p> La intendenta Stella Cl\u00e9rici anunci\u00f3 esta ma\u00f1ana junto al presidente del Concejo Marcelo Casalegno, gestiones ante Vialidad Nacional para concretar iluminaci\u00f3n y cantero central en el tramo urbana de la ruta 9.<br>El proyecto presentado ante Patricio Garc\u00eda, Gerente de Regiones de Vialidad Nacional y el jefe del Distrito VII, de Vialidad, Fabio S\u00e1nchez consta de una inversi\u00f3n superior a los 20 millones de pesos y prev\u00e9: luminarias led, cableado subterr\u00e1neo y doble cord\u00f3n de hormig\u00f3n armado en el centro de la cinta asf\u00e1ltica en las 20 cuadras del tramo urbano.<br>\u201cNo solo avanza la gran obra de reconstrucci\u00f3n de las esquinas semaforizadas sobre Ruta 9. Adem\u00e1s, gestionamos ante Vialidad Nacional la iluminaci\u00f3n y construcci\u00f3n del cantero central\u201d, expres\u00f3 Cl\u00e9rici. Por su parte, Casalegno destac\u00f3 \u201cla importancia de estas obras no solo en la transitabilidad y seguridad vial, sino tambi\u00e9n en el fortalecimiento del centro comercial a cielo abierto de Avenida Santa Fe\u00bb. <\/p>\n","protected":false},"excerpt":{"rendered":"<p>La intendenta Stella Cl\u00e9rici anunci\u00f3 esta ma\u00f1ana junto al presidente del Concejo Marcelo Casalegno, gestiones ante Vialidad Nacional para concretar iluminaci\u00f3n y cantero central en el tramo urbana de la ruta 9.El proyecto presentado ante Patricio Garc\u00eda, Gerente de Regiones de Vialidad Nacional y el jefe del Distrito VII, de Vialidad, Fabio S\u00e1nchez consta de <a href=\"https:\/\/armstrongyregion.com.ar\/diario\/clerici-gestiona-obra-de-iluminacion-y-cantero-central-para-el-tramo-urbano-de-la-ruta-9\/\" title=\"Read more\" >&#8230;<\/a><\/p>\n","protected":false},"author":1,"featured_media":30608,"comment_status":"open","ping_status":"open","sticky":false,"template":"","format":"image","meta":{"_jetpack_memberships_contains_paid_content":false,"footnotes":"","jetpack_publicize_message":"","jetpack_publicize_feature_enabled":true,"jetpack_social_post_already_shared":true,"jetpack_social_options":{"image_generator_settings":{"template":"highway","default_image_id":0,"enabled":false},"version":2}},"categories":[8,1,7,3],"tags":[],"class_list":["post-30607","post","type-post","status-publish","format-image","has-post-thumbnail","hentry","category-deliberando","category-diario-armstrong","category-politica","category-region","post_format-post-format-image"],"jetpack_publicize_connections":[],"jetpack_featured_media_url":"https:\/\/armstrongyregion.com.ar\/diario\/wp-content\/uploads\/2021\/06\/clerici-iluminacion-.jpg","jetpack_shortlink":"https:\/\/wp.me\/p62QDO-7XF","jetpack_sharing_enabled":true,"amp_enabled":true,"_links":{"self":[{"href":"https:\/\/armstrongyregion.com.ar\/diario\/wp-json\/wp\/v2\/posts\/30607","targetHints":{"allow":["GET"]}}],"collection":[{"href":"https:\/\/armstrongyregion.com.ar\/diario\/wp-json\/wp\/v2\/posts"}],"about":[{"href":"https:\/\/armstrongyregion.com.ar\/diario\/wp-json\/wp\/v2\/types\/post"}],"author":[{"embeddable":true,"href":"https:\/\/armstrongyregion.com.ar\/diario\/wp-json\/wp\/v2\/users\/1"}],"replies":[{"embeddable":true,"href":"https:\/\/armstrongyregion.com.ar\/diario\/wp-json\/wp\/v2\/comments?post=30607"}],"version-history":[{"count":1,"href":"https:\/\/armstrongyregion.com.ar\/diario\/wp-json\/wp\/v2\/posts\/30607\/revisions"}],"predecessor-version":[{"id":30609,"href":"https:\/\/armstrongyregion.com.ar\/diario\/wp-json\/wp\/v2\/posts\/30607\/revisions\/30609"}],"wp:featuredmedia":[{"embeddable":true,"href":"https:\/\/armstrongyregion.com.ar\/diario\/wp-json\/wp\/v2\/media\/30608"}],"wp:attachment":[{"href":"https:\/\/armstrongyregion.com.ar\/diario\/wp-json\/wp\/v2\/media?parent=30607"}],"wp:term":[{"taxonomy":"category","embeddable":true,"href":"https:\/\/armstrongyregion.com.ar\/diario\/wp-json\/wp\/v2\/categories?post=30607"},{"taxonomy":"post_tag","embeddable":true,"href":"https:\/\/armstrongyregion.com.ar\/diario\/wp-json\/wp\/v2\/tags?post=30607"}],"curies":[{"name":"wp","href":"https:\/\/api.w.org\/{rel}","templated":true}]}}