{"id":3059,"date":"2015-07-14T13:39:28","date_gmt":"2015-07-14T13:39:28","guid":{"rendered":"https:\/\/armstrongyregion.com.ar\/diario\/?p=3059"},"modified":"2015-07-14T13:39:28","modified_gmt":"2015-07-14T13:39:28","slug":"se-incendio-un-colectivo-en-ruta-9-no-hubo-victimas","status":"publish","type":"post","link":"https:\/\/armstrongyregion.com.ar\/diario\/se-incendio-un-colectivo-en-ruta-9-no-hubo-victimas\/","title":{"rendered":"Se incendi\u00f3 un colectivo en Ruta 9. No hubo v\u00edctimas."},"content":{"rendered":"<p><a href=\"http:\/\/armstrongyregion.com.ar\/diario\/wp-content\/uploads\/2015\/07\/11214096_10204137382145342_9009687339076594266_n.jpg\"><img loading=\"lazy\" decoding=\"async\" class=\"alignnone size-medium wp-image-3060\" src=\"http:\/\/armstrongyregion.com.ar\/diario\/wp-content\/uploads\/2015\/07\/11214096_10204137382145342_9009687339076594266_n-300x224.jpg\" alt=\"Incendio Monticas\" width=\"300\" height=\"224\" srcset=\"https:\/\/armstrongyregion.com.ar\/diario\/wp-content\/uploads\/2015\/07\/11214096_10204137382145342_9009687339076594266_n-300x224.jpg 300w, https:\/\/armstrongyregion.com.ar\/diario\/wp-content\/uploads\/2015\/07\/11214096_10204137382145342_9009687339076594266_n.jpg 526w\" sizes=\"auto, (max-width: 300px) 100vw, 300px\" \/><\/a>Se incendi\u00f3 un colectivo en Ruta 9: no hubo v\u00edctimas.Esta ma\u00f1ana un colectivo de la empresa Flecha Bus, al servicio de Monticas, se incendi\u00f3 en la Ruta 9 a 500 metros de las v\u00edas quedando totalmente destruido. El \u00f3mnibus cubr\u00eda la ruta Montes de Oca \u2013 Rosario y viajaba con 20 pasajeros, los cuales pudieran salir r\u00e1pidamente de la unidad sin sufrir lesiones. Posteriormente fueron trasladados por el colectivo de la Municipalidad hasta la Terminal de Omnibus, donde la empresa dispuso el trasbordo en otro colectivo hasta el destino final. De acuerdo a diversos testimonios el fuego se origin\u00f3 en la parte trasera, lo cual fue advertido inmediatamente por el chofer, quien estacion\u00f3 el \u00f3mnibus permitiendo el descenso de los pasajeros.<br \/>\nFuente, Diario Vision.<\/p>\n","protected":false},"excerpt":{"rendered":"<p>Se incendi\u00f3 un colectivo en Ruta 9: no hubo v\u00edctimas.Esta ma\u00f1ana un colectivo de la empresa Flecha Bus, al servicio de Monticas, se incendi\u00f3 en la Ruta 9 a 500 metros de las v\u00edas quedando totalmente destruido. El \u00f3mnibus cubr\u00eda la ruta Montes de Oca \u2013 Rosario y viajaba con 20 pasajeros, los cuales pudieran <a href=\"https:\/\/armstrongyregion.com.ar\/diario\/se-incendio-un-colectivo-en-ruta-9-no-hubo-victimas\/\" title=\"Read more\" >&#8230;<\/a><\/p>\n","protected":false},"author":2,"featured_media":3060,"comment_status":"open","ping_status":"open","sticky":false,"template":"","format":"standard","meta":{"_jetpack_memberships_contains_paid_content":false,"footnotes":"","jetpack_publicize_message":"","jetpack_publicize_feature_enabled":true,"jetpack_social_post_already_shared":false,"jetpack_social_options":{"image_generator_settings":{"template":"highway","default_image_id":0,"enabled":false},"version":2}},"categories":[1,2,3],"tags":[485,523,15,2259,449,96,484,86,192,2260],"class_list":["post-3059","post","type-post","status-publish","format-standard","has-post-thumbnail","hentry","category-diario-armstrong","category-locales","category-region","tag-485","tag-colectivo","tag-en","tag-hubo","tag-incendio","tag-no","tag-ruta","tag-se","tag-un","tag-victimas"],"jetpack_publicize_connections":[],"jetpack_featured_media_url":"https:\/\/armstrongyregion.com.ar\/diario\/wp-content\/uploads\/2015\/07\/11214096_10204137382145342_9009687339076594266_n.jpg","jetpack_shortlink":"https:\/\/wp.me\/p62QDO-Nl","jetpack_sharing_enabled":true,"amp_enabled":true,"_links":{"self":[{"href":"https:\/\/armstrongyregion.com.ar\/diario\/wp-json\/wp\/v2\/posts\/3059","targetHints":{"allow":["GET"]}}],"collection":[{"href":"https:\/\/armstrongyregion.com.ar\/diario\/wp-json\/wp\/v2\/posts"}],"about":[{"href":"https:\/\/armstrongyregion.com.ar\/diario\/wp-json\/wp\/v2\/types\/post"}],"author":[{"embeddable":true,"href":"https:\/\/armstrongyregion.com.ar\/diario\/wp-json\/wp\/v2\/users\/2"}],"replies":[{"embeddable":true,"href":"https:\/\/armstrongyregion.com.ar\/diario\/wp-json\/wp\/v2\/comments?post=3059"}],"version-history":[{"count":0,"href":"https:\/\/armstrongyregion.com.ar\/diario\/wp-json\/wp\/v2\/posts\/3059\/revisions"}],"wp:featuredmedia":[{"embeddable":true,"href":"https:\/\/armstrongyregion.com.ar\/diario\/wp-json\/wp\/v2\/media\/3060"}],"wp:attachment":[{"href":"https:\/\/armstrongyregion.com.ar\/diario\/wp-json\/wp\/v2\/media?parent=3059"}],"wp:term":[{"taxonomy":"category","embeddable":true,"href":"https:\/\/armstrongyregion.com.ar\/diario\/wp-json\/wp\/v2\/categories?post=3059"},{"taxonomy":"post_tag","embeddable":true,"href":"https:\/\/armstrongyregion.com.ar\/diario\/wp-json\/wp\/v2\/tags?post=3059"}],"curies":[{"name":"wp","href":"https:\/\/api.w.org\/{rel}","templated":true}]}}