{"id":30583,"date":"2021-06-10T03:04:06","date_gmt":"2021-06-10T03:04:06","guid":{"rendered":"https:\/\/armstrongyregion.com.ar\/diario\/?p=30583"},"modified":"2021-06-10T03:04:08","modified_gmt":"2021-06-10T03:04:08","slug":"profundo-dolor-por-el-fallecimiento-del-dr-jorge-bianchi-pediatra-de-armstrong-y-la-region","status":"publish","type":"post","link":"https:\/\/armstrongyregion.com.ar\/diario\/profundo-dolor-por-el-fallecimiento-del-dr-jorge-bianchi-pediatra-de-armstrong-y-la-region\/","title":{"rendered":"Profundo dolor por el fallecimiento del Dr. Jorge Bianchi pediatra de Armstrong y la regi\u00f3n."},"content":{"rendered":"\n<figure class=\"wp-block-image size-large\"><img loading=\"lazy\" decoding=\"async\" width=\"270\" height=\"254\" src=\"http:\/\/armstrongyregion.com.ar\/diario\/wp-content\/uploads\/2021\/06\/Dr.-Jorge-Bianchi.jpg\" alt=\"\" class=\"wp-image-30584\"\/><\/figure>\n\n\n\n<p>\nLa\nnoche del mi\u00e9rcoles, la triste noticia del fallecimiento del Dr.\nJorge Bianchi, recorri\u00f3 los hogares de la comunidad de Armstrong y\nla regi\u00f3n.<\/p>\n\n\n\n<p>\nHoy\nse despide a alguien que fue parte de la vida de muchas familias\narmstronenses y de la regi\u00f3n, quien acompa\u00f1o a los padres en el\ncuidado de la salud de sus hijos, un gran m\u00e9dico y por sobre todo\nuna maravillosa persona.<\/p>\n\n\n\n<p>\nLas\nredes sociales est\u00e1n llenas de mensajes muy c\u00e1lidos de\nagradecimiento y despedida, inclusive an\u00e9cdotas  para con el querido\npediatra quien ejerc\u00eda su profesi\u00f3n con mucha pasi\u00f3n  en la\nCl\u00ednica CEM, adem\u00e1s de todo lo que implica ser medico de ni\u00f1os en\nuna comunidad peque\u00f1a como la nuestra, donde los horarios son\nextendidos y el tel\u00e9fono del m\u00e9dico esta al alcance de todos,\nporque los ni\u00f1os se enferman cualquier d\u00eda hasta los fines de\nsemana.<\/p>\n\n\n\n<p>\nEl\nDr. Jorge Bianchi se gan\u00f3 el respeto y el cari\u00f1o de sus pares, de\nlos padres, de ni\u00f1os y ni\u00f1as dejando un profundo dolor y un gran\nvac\u00edo. La comunidad de Armstrong despide con mucha tristeza al\npediatra y brinda sus condolencias a los familiares y amigos.<\/p>\n","protected":false},"excerpt":{"rendered":"<p>La noche del mi\u00e9rcoles, la triste noticia del fallecimiento del Dr. Jorge Bianchi, recorri\u00f3 los hogares de la comunidad de Armstrong y la regi\u00f3n. Hoy se despide a alguien que fue parte de la vida de muchas familias armstronenses y de la regi\u00f3n, quien acompa\u00f1o a los padres en el cuidado de la salud de <a href=\"https:\/\/armstrongyregion.com.ar\/diario\/profundo-dolor-por-el-fallecimiento-del-dr-jorge-bianchi-pediatra-de-armstrong-y-la-region\/\" title=\"Read more\" >&#8230;<\/a><\/p>\n","protected":false},"author":1,"featured_media":30584,"comment_status":"open","ping_status":"open","sticky":false,"template":"","format":"image","meta":{"_jetpack_memberships_contains_paid_content":false,"footnotes":"","jetpack_publicize_message":"","jetpack_publicize_feature_enabled":true,"jetpack_social_post_already_shared":true,"jetpack_social_options":{"image_generator_settings":{"template":"highway","default_image_id":0,"enabled":false},"version":2}},"categories":[8,1,2,4,3],"tags":[],"class_list":["post-30583","post","type-post","status-publish","format-image","has-post-thumbnail","hentry","category-deliberando","category-diario-armstrong","category-locales","category-prevencion-salud","category-region","post_format-post-format-image"],"jetpack_publicize_connections":[],"jetpack_featured_media_url":"https:\/\/armstrongyregion.com.ar\/diario\/wp-content\/uploads\/2021\/06\/Dr.-Jorge-Bianchi.jpg","jetpack_shortlink":"https:\/\/wp.me\/p62QDO-7Xh","jetpack_sharing_enabled":true,"amp_enabled":true,"_links":{"self":[{"href":"https:\/\/armstrongyregion.com.ar\/diario\/wp-json\/wp\/v2\/posts\/30583","targetHints":{"allow":["GET"]}}],"collection":[{"href":"https:\/\/armstrongyregion.com.ar\/diario\/wp-json\/wp\/v2\/posts"}],"about":[{"href":"https:\/\/armstrongyregion.com.ar\/diario\/wp-json\/wp\/v2\/types\/post"}],"author":[{"embeddable":true,"href":"https:\/\/armstrongyregion.com.ar\/diario\/wp-json\/wp\/v2\/users\/1"}],"replies":[{"embeddable":true,"href":"https:\/\/armstrongyregion.com.ar\/diario\/wp-json\/wp\/v2\/comments?post=30583"}],"version-history":[{"count":1,"href":"https:\/\/armstrongyregion.com.ar\/diario\/wp-json\/wp\/v2\/posts\/30583\/revisions"}],"predecessor-version":[{"id":30585,"href":"https:\/\/armstrongyregion.com.ar\/diario\/wp-json\/wp\/v2\/posts\/30583\/revisions\/30585"}],"wp:featuredmedia":[{"embeddable":true,"href":"https:\/\/armstrongyregion.com.ar\/diario\/wp-json\/wp\/v2\/media\/30584"}],"wp:attachment":[{"href":"https:\/\/armstrongyregion.com.ar\/diario\/wp-json\/wp\/v2\/media?parent=30583"}],"wp:term":[{"taxonomy":"category","embeddable":true,"href":"https:\/\/armstrongyregion.com.ar\/diario\/wp-json\/wp\/v2\/categories?post=30583"},{"taxonomy":"post_tag","embeddable":true,"href":"https:\/\/armstrongyregion.com.ar\/diario\/wp-json\/wp\/v2\/tags?post=30583"}],"curies":[{"name":"wp","href":"https:\/\/api.w.org\/{rel}","templated":true}]}}