{"id":30510,"date":"2021-06-05T01:19:01","date_gmt":"2021-06-05T01:19:01","guid":{"rendered":"https:\/\/armstrongyregion.com.ar\/diario\/?p=30510"},"modified":"2021-06-05T01:19:04","modified_gmt":"2021-06-05T01:19:04","slug":"5-de-junio-dia-mundial-del-medio-ambiente","status":"publish","type":"post","link":"https:\/\/armstrongyregion.com.ar\/diario\/5-de-junio-dia-mundial-del-medio-ambiente\/","title":{"rendered":"5 de Junio, D\u00eda Mundial del Medio Ambiente."},"content":{"rendered":"\n<figure class=\"wp-block-image size-large\"><img loading=\"lazy\" decoding=\"async\" width=\"343\" height=\"343\" src=\"http:\/\/armstrongyregion.com.ar\/diario\/wp-content\/uploads\/2021\/06\/1-puntos-verdes-ciudad.jpg\" alt=\"\" class=\"wp-image-30511\" srcset=\"https:\/\/armstrongyregion.com.ar\/diario\/wp-content\/uploads\/2021\/06\/1-puntos-verdes-ciudad.jpg 343w, https:\/\/armstrongyregion.com.ar\/diario\/wp-content\/uploads\/2021\/06\/1-puntos-verdes-ciudad-300x300.jpg 300w, https:\/\/armstrongyregion.com.ar\/diario\/wp-content\/uploads\/2021\/06\/1-puntos-verdes-ciudad-150x150.jpg 150w\" sizes=\"auto, (max-width: 343px) 100vw, 343px\" \/><\/figure>\n\n\n\n<p>\nCada 5 de junio se conmemora el&nbsp;D\u00eda Mundial del Medio Ambiente.\nCreado en 1972 por la Organizaci\u00f3n de las Naciones Unidas (ONU)\npropone una jornada global para visibilizar la problem\u00e1tica del\nmedio ambiente, sensibilizando a la poblaci\u00f3n y a las instituciones\ngubernamentales.&nbsp;<\/p>\n\n\n\n<figure class=\"wp-block-image size-large\"><img loading=\"lazy\" decoding=\"async\" width=\"343\" height=\"343\" src=\"http:\/\/armstrongyregion.com.ar\/diario\/wp-content\/uploads\/2021\/06\/2-puntos-verdes-ciudad.jpg\" alt=\"\" class=\"wp-image-30512\" srcset=\"https:\/\/armstrongyregion.com.ar\/diario\/wp-content\/uploads\/2021\/06\/2-puntos-verdes-ciudad.jpg 343w, https:\/\/armstrongyregion.com.ar\/diario\/wp-content\/uploads\/2021\/06\/2-puntos-verdes-ciudad-300x300.jpg 300w, https:\/\/armstrongyregion.com.ar\/diario\/wp-content\/uploads\/2021\/06\/2-puntos-verdes-ciudad-150x150.jpg 150w\" sizes=\"auto, (max-width: 343px) 100vw, 343px\" \/><\/figure>\n\n\n\n<p>Brinda la oportunidad de mejorar las\nbases de informaci\u00f3n de la opini\u00f3n p\u00fablica, ampliar el compromiso\nde los individuos, empresas y colectividades en cuanto a la\nconservaci\u00f3n y mejora ambiental.&nbsp;<\/p>\n\n\n\n<figure class=\"wp-block-image size-large\"><img loading=\"lazy\" decoding=\"async\" width=\"685\" height=\"685\" src=\"http:\/\/armstrongyregion.com.ar\/diario\/wp-content\/uploads\/2021\/06\/3-puntos-verdes-ciudad.jpg\" alt=\"\" class=\"wp-image-30513\" srcset=\"https:\/\/armstrongyregion.com.ar\/diario\/wp-content\/uploads\/2021\/06\/3-puntos-verdes-ciudad.jpg 685w, https:\/\/armstrongyregion.com.ar\/diario\/wp-content\/uploads\/2021\/06\/3-puntos-verdes-ciudad-300x300.jpg 300w, https:\/\/armstrongyregion.com.ar\/diario\/wp-content\/uploads\/2021\/06\/3-puntos-verdes-ciudad-150x150.jpg 150w\" sizes=\"auto, (max-width: 685px) 100vw, 685px\" \/><\/figure>\n\n\n\n<p>Desde la Municipalidad de Armstrong\ny en el marco del programa&nbsp;\u201cYo me Comprometo\u201d, asumimos la\nfirme decisi\u00f3n de avanzar en las acciones de mitigaci\u00f3n y\nadaptaci\u00f3n al cambio clim\u00e1tico:&nbsp;incorporar h\u00e1bitos&nbsp;que\nreduzcan las causas que afectan negativamente el ambiente y&nbsp;mejorar\nla respuesta&nbsp;a las consecuencias actuales.&nbsp;<\/p>\n\n\n\n<figure class=\"wp-block-image size-large\"><img loading=\"lazy\" decoding=\"async\" width=\"343\" height=\"343\" src=\"http:\/\/armstrongyregion.com.ar\/diario\/wp-content\/uploads\/2021\/06\/4-puntos-verdes-ciudad.jpg\" alt=\"\" class=\"wp-image-30514\" srcset=\"https:\/\/armstrongyregion.com.ar\/diario\/wp-content\/uploads\/2021\/06\/4-puntos-verdes-ciudad.jpg 343w, https:\/\/armstrongyregion.com.ar\/diario\/wp-content\/uploads\/2021\/06\/4-puntos-verdes-ciudad-300x300.jpg 300w, https:\/\/armstrongyregion.com.ar\/diario\/wp-content\/uploads\/2021\/06\/4-puntos-verdes-ciudad-150x150.jpg 150w\" sizes=\"auto, (max-width: 343px) 100vw, 343px\" \/><\/figure>\n\n\n\n<p>Separar, reutilizar y reciclar los\nresiduos s\u00f3lidos urbanos, compostar los restos de alimentos,\nconsumir productos agroecol\u00f3gicos, incorporar energ\u00edas renovables,\nmejorar la eficiencia energ\u00e9tica, apagar las luces innecesarias,\nutilizar l\u00e1mparas Led, fomentar la movilidad sustentable, plantar\n\u00e1rboles, pasar tiempo al aire libre, el respeto por la\nbiodiversidad, son algunas de las acciones de mitigaci\u00f3n que los\ngobiernos deben impulsar y un compromiso que toda la comunidad debe\nasumir.&nbsp;<\/p>\n\n\n\n<p>\u201cEl cuidado del Medio Ambiente es\nresponsabilidad de todos\u201d<\/p>\n","protected":false},"excerpt":{"rendered":"<p>Cada 5 de junio se conmemora el&nbsp;D\u00eda Mundial del Medio Ambiente. Creado en 1972 por la Organizaci\u00f3n de las Naciones Unidas (ONU) propone una jornada global para visibilizar la problem\u00e1tica del medio ambiente, sensibilizando a la poblaci\u00f3n y a las instituciones gubernamentales.&nbsp; Brinda la oportunidad de mejorar las bases de informaci\u00f3n de la opini\u00f3n p\u00fablica, <a href=\"https:\/\/armstrongyregion.com.ar\/diario\/5-de-junio-dia-mundial-del-medio-ambiente\/\" title=\"Read more\" >&#8230;<\/a><\/p>\n","protected":false},"author":1,"featured_media":30511,"comment_status":"open","ping_status":"open","sticky":false,"template":"","format":"image","meta":{"_jetpack_memberships_contains_paid_content":false,"footnotes":"","jetpack_publicize_message":"","jetpack_publicize_feature_enabled":true,"jetpack_social_post_already_shared":true,"jetpack_social_options":{"image_generator_settings":{"template":"highway","default_image_id":0,"enabled":false},"version":2}},"categories":[8,1,2,3],"tags":[],"class_list":["post-30510","post","type-post","status-publish","format-image","has-post-thumbnail","hentry","category-deliberando","category-diario-armstrong","category-locales","category-region","post_format-post-format-image"],"jetpack_publicize_connections":[],"jetpack_featured_media_url":"https:\/\/armstrongyregion.com.ar\/diario\/wp-content\/uploads\/2021\/06\/1-puntos-verdes-ciudad.jpg","jetpack_shortlink":"https:\/\/wp.me\/p62QDO-7W6","jetpack_sharing_enabled":true,"amp_enabled":true,"_links":{"self":[{"href":"https:\/\/armstrongyregion.com.ar\/diario\/wp-json\/wp\/v2\/posts\/30510","targetHints":{"allow":["GET"]}}],"collection":[{"href":"https:\/\/armstrongyregion.com.ar\/diario\/wp-json\/wp\/v2\/posts"}],"about":[{"href":"https:\/\/armstrongyregion.com.ar\/diario\/wp-json\/wp\/v2\/types\/post"}],"author":[{"embeddable":true,"href":"https:\/\/armstrongyregion.com.ar\/diario\/wp-json\/wp\/v2\/users\/1"}],"replies":[{"embeddable":true,"href":"https:\/\/armstrongyregion.com.ar\/diario\/wp-json\/wp\/v2\/comments?post=30510"}],"version-history":[{"count":1,"href":"https:\/\/armstrongyregion.com.ar\/diario\/wp-json\/wp\/v2\/posts\/30510\/revisions"}],"predecessor-version":[{"id":30515,"href":"https:\/\/armstrongyregion.com.ar\/diario\/wp-json\/wp\/v2\/posts\/30510\/revisions\/30515"}],"wp:featuredmedia":[{"embeddable":true,"href":"https:\/\/armstrongyregion.com.ar\/diario\/wp-json\/wp\/v2\/media\/30511"}],"wp:attachment":[{"href":"https:\/\/armstrongyregion.com.ar\/diario\/wp-json\/wp\/v2\/media?parent=30510"}],"wp:term":[{"taxonomy":"category","embeddable":true,"href":"https:\/\/armstrongyregion.com.ar\/diario\/wp-json\/wp\/v2\/categories?post=30510"},{"taxonomy":"post_tag","embeddable":true,"href":"https:\/\/armstrongyregion.com.ar\/diario\/wp-json\/wp\/v2\/tags?post=30510"}],"curies":[{"name":"wp","href":"https:\/\/api.w.org\/{rel}","templated":true}]}}