{"id":30498,"date":"2021-06-04T22:21:50","date_gmt":"2021-06-04T22:21:50","guid":{"rendered":"https:\/\/armstrongyregion.com.ar\/diario\/?p=30498"},"modified":"2021-06-04T22:21:53","modified_gmt":"2021-06-04T22:21:53","slug":"armstrong-habilitacion-salas-en-instalaciones-del-hogar-de-ancianos","status":"publish","type":"post","link":"https:\/\/armstrongyregion.com.ar\/diario\/armstrong-habilitacion-salas-en-instalaciones-del-hogar-de-ancianos\/","title":{"rendered":"Armstrong. Habilitaci\u00f3n salas en instalaciones del Hogar de Ancianos."},"content":{"rendered":"\n<figure class=\"wp-block-image size-large\"><img loading=\"lazy\" decoding=\"async\" width=\"640\" height=\"427\" src=\"http:\/\/armstrongyregion.com.ar\/diario\/wp-content\/uploads\/2021\/06\/habilitacion_salas_hogar_1.jpg\" alt=\"\" class=\"wp-image-30499\" srcset=\"https:\/\/armstrongyregion.com.ar\/diario\/wp-content\/uploads\/2021\/06\/habilitacion_salas_hogar_1.jpg 640w, https:\/\/armstrongyregion.com.ar\/diario\/wp-content\/uploads\/2021\/06\/habilitacion_salas_hogar_1-300x200.jpg 300w\" sizes=\"auto, (max-width: 640px) 100vw, 640px\" \/><\/figure>\n\n\n\n<p>En la ma\u00f1ana del jueves 3 de mayo en instalaciones del Hogar de Ancianos \u201cValent\u00edn Ronchese\u201d quedaron habilitadas 3 salas para internaci\u00f3n de pacientes no Covid, con 3 camas cada una con ox\u00edgeno por tubo, adem\u00e1s de un lugar para los profesionales que all\u00ed trabajen.<\/p>\n\n\n\n<p>El Intendente municipal Dr. Pablo Verdecchia resalt\u00f3 la importancia del trabajo que se viene realizando en conjunto con toda la ciudadan\u00eda con respecto a la pandemia y agreg\u00f3: \u201cQuiero agradecer a todos los que de una forma u otra han ayudado al S.A.M.Co. no s\u00f3lo en lo econ\u00f3mico sino tambi\u00e9n respetando protocolos, qued\u00e1ndose en casa. Seguimos trabajando fuertemente todos juntos\u201d.&nbsp;<\/p>\n\n\n\n<p>Los pacientes internados en sala no Covid del S.AM.Co. fueron trasladados a estas nuevas habitaciones refaccionadas para recepcionarlos. Esto significa que habr\u00e1 m\u00e1s camas disponibles dentro del efector de salud, en este caso, para pacientes Covid en recuperaci\u00f3n.<\/p>\n\n\n\n<figure class=\"wp-block-image\"><img decoding=\"async\" src=\"http:\/\/www.armstrong.gov.ar\/2020\/images\/articulos2021\/habilitacion_salas_hogar_2.jpg\" alt=\"habilitacion salas hogar 2\"\/><\/figure>\n\n\n\n<p>Por su parte, la Directora del S.A.M.Co. Dra. Ver\u00f3nica Barone expres\u00f3 su agradecimiento no s\u00f3lo a las autoridades del municipio, sino a todos los integrantes del hospital que\u201d se pusieron la camiseta y ayudaron en todo momento redoblando las apuestas para poder tener m\u00e1s camas, a Julio Pagliarecci que escuch\u00f3 y entendi\u00f3 lo que se necesitaba, y a la comunidad en s\u00ed, porque esto no hubiera sido posible si la Comisi\u00f3n Administrativa y toda la comunidad no hubiera ayudado con sus aportes\u201d, destac\u00f3.<\/p>\n","protected":false},"excerpt":{"rendered":"<p>En la ma\u00f1ana del jueves 3 de mayo en instalaciones del Hogar de Ancianos \u201cValent\u00edn Ronchese\u201d quedaron habilitadas 3 salas para internaci\u00f3n de pacientes no Covid, con 3 camas cada una con ox\u00edgeno por tubo, adem\u00e1s de un lugar para los profesionales que all\u00ed trabajen. El Intendente municipal Dr. Pablo Verdecchia resalt\u00f3 la importancia del <a href=\"https:\/\/armstrongyregion.com.ar\/diario\/armstrong-habilitacion-salas-en-instalaciones-del-hogar-de-ancianos\/\" title=\"Read more\" >&#8230;<\/a><\/p>\n","protected":false},"author":1,"featured_media":30499,"comment_status":"open","ping_status":"open","sticky":false,"template":"","format":"image","meta":{"_jetpack_memberships_contains_paid_content":false,"footnotes":"","jetpack_publicize_message":"","jetpack_publicize_feature_enabled":true,"jetpack_social_post_already_shared":true,"jetpack_social_options":{"image_generator_settings":{"template":"highway","default_image_id":0,"enabled":false},"version":2}},"categories":[8,1,2,4],"tags":[],"class_list":["post-30498","post","type-post","status-publish","format-image","has-post-thumbnail","hentry","category-deliberando","category-diario-armstrong","category-locales","category-prevencion-salud","post_format-post-format-image"],"jetpack_publicize_connections":[],"jetpack_featured_media_url":"https:\/\/armstrongyregion.com.ar\/diario\/wp-content\/uploads\/2021\/06\/habilitacion_salas_hogar_1.jpg","jetpack_shortlink":"https:\/\/wp.me\/p62QDO-7VU","jetpack_sharing_enabled":true,"amp_enabled":true,"_links":{"self":[{"href":"https:\/\/armstrongyregion.com.ar\/diario\/wp-json\/wp\/v2\/posts\/30498","targetHints":{"allow":["GET"]}}],"collection":[{"href":"https:\/\/armstrongyregion.com.ar\/diario\/wp-json\/wp\/v2\/posts"}],"about":[{"href":"https:\/\/armstrongyregion.com.ar\/diario\/wp-json\/wp\/v2\/types\/post"}],"author":[{"embeddable":true,"href":"https:\/\/armstrongyregion.com.ar\/diario\/wp-json\/wp\/v2\/users\/1"}],"replies":[{"embeddable":true,"href":"https:\/\/armstrongyregion.com.ar\/diario\/wp-json\/wp\/v2\/comments?post=30498"}],"version-history":[{"count":1,"href":"https:\/\/armstrongyregion.com.ar\/diario\/wp-json\/wp\/v2\/posts\/30498\/revisions"}],"predecessor-version":[{"id":30500,"href":"https:\/\/armstrongyregion.com.ar\/diario\/wp-json\/wp\/v2\/posts\/30498\/revisions\/30500"}],"wp:featuredmedia":[{"embeddable":true,"href":"https:\/\/armstrongyregion.com.ar\/diario\/wp-json\/wp\/v2\/media\/30499"}],"wp:attachment":[{"href":"https:\/\/armstrongyregion.com.ar\/diario\/wp-json\/wp\/v2\/media?parent=30498"}],"wp:term":[{"taxonomy":"category","embeddable":true,"href":"https:\/\/armstrongyregion.com.ar\/diario\/wp-json\/wp\/v2\/categories?post=30498"},{"taxonomy":"post_tag","embeddable":true,"href":"https:\/\/armstrongyregion.com.ar\/diario\/wp-json\/wp\/v2\/tags?post=30498"}],"curies":[{"name":"wp","href":"https:\/\/api.w.org\/{rel}","templated":true}]}}