{"id":30430,"date":"2021-06-01T20:48:02","date_gmt":"2021-06-01T20:48:02","guid":{"rendered":"https:\/\/armstrongyregion.com.ar\/diario\/?p=30430"},"modified":"2021-06-01T20:48:05","modified_gmt":"2021-06-01T20:48:05","slug":"martorano-por-la-pandemia-incorporamos-128-camas-criticas-en-la-region-rosario","status":"publish","type":"post","link":"https:\/\/armstrongyregion.com.ar\/diario\/martorano-por-la-pandemia-incorporamos-128-camas-criticas-en-la-region-rosario\/","title":{"rendered":"Martorano: \u201cPor la pandemia incorporamos 128 camas cr\u00edticas en la regi\u00f3n Rosario\u201d"},"content":{"rendered":"\n<figure class=\"wp-block-image size-large\"><img loading=\"lazy\" decoding=\"async\" width=\"504\" height=\"320\" src=\"http:\/\/armstrongyregion.com.ar\/diario\/wp-content\/uploads\/2021\/06\/martorano-.jpg\" alt=\"\" class=\"wp-image-30431\" srcset=\"https:\/\/armstrongyregion.com.ar\/diario\/wp-content\/uploads\/2021\/06\/martorano-.jpg 504w, https:\/\/armstrongyregion.com.ar\/diario\/wp-content\/uploads\/2021\/06\/martorano--300x190.jpg 300w\" sizes=\"auto, (max-width: 504px) 100vw, 504px\" \/><\/figure>\n\n\n\n<h2 class=\"wp-block-heading\"><br>La ministra de Salud abri\u00f3 en Villa Gobernador G\u00e1lvez la Unidad de Terapia Intensiva con 8 plazas.<br>\u00a0\u00a0<\/h2>\n\n\n\n<p>\n\nEn el marco del plan de ampliaci\u00f3n de camas cr\u00edticas en los efectores provinciales, la ministra de Salud, Sonia Martorano, visit\u00f3 Villa Gobernador G\u00e1lvez, d\u00f3nde se abri\u00f3 una Unidad de Terapia Intensiva con 8 camas. \u201cEsto forma parte del plan integral de expansi\u00f3n de camas cr\u00edticas que realiza la provincia, todos juntos estamos realizando esfuerzos para ampliar la capacidad de atenci\u00f3n\u201d, destac\u00f3 la funcionaria.<\/p>\n\n\n\n<p>Martorano aclar\u00f3 que \u201c\u00e9stas camas se suman a las 120 que se incrementaron en el \u00faltimo tiempo en la regi\u00f3n Rosario, as\u00ed alcanzamos a 128 unidades\u201d.<\/p>\n\n\n\n<p><strong>Vacunaci\u00f3n: en la provincia se aplican 25 mil dosis diarias<\/strong><br>La ministra se refiri\u00f3 al Consejo Federal de Salud, del cual particip\u00f3 este lunes y donde se compararon los n\u00fameros de las vacunas recibidas y aplicadas. \u201cEstamos por encima de otras provincias\u201d, sostuvo y explic\u00f3 que \u201chasta la semana pasada, con la entrega de vacunas est\u00e1bamos en el 95% de colocaci\u00f3n de vacunas, como ingresaron m\u00e1s dosis entre el jueves, viernes y s\u00e1bado, bajamos el porcentaje porque est\u00e1n esas dosis que ingresan\u201d.<\/p>\n\n\n\n<p>\u201cHoy estamos colocando 25 mil vacunas por d\u00eda en la provincia\u201d, sentenci\u00f3 Martorano quien no descart\u00f3 la posibilidad de aumentar los dispositivos ya que se puede llegar \u201ca 35 mil dosis diarias\u201d.<\/p>\n\n\n\n<p>La funcionaria provincial detall\u00f3 las dosis ingresadas y los grupos en los que se aplican: \u201cLas que ingresaron son vacunas de Astrazeneca para colocar las segundas dosis, se estaban completando los 3 meses del esquema en geri\u00e1tricos, ahora ya ha finalizado ese operativo esta semana y, en el intervalo, tambi\u00e9n se les coloc\u00f3 la antigripal\u201d.<\/p>\n\n\n\n<p>\u201cEstamos colocando -prosigui\u00f3 Martorano- segundas dosis a aquellos que se inocularon entre el 1ro y el 10 de marzo que solamente se coloc\u00f3 Astrazeneca\u201d.<\/p>\n\n\n\n<p>\u201cA la vez, con el ingreso de Sputnik V, estamos colocando primeras dosis en seguridad, servicio penitenciario, personas con discapacidad y el grupo de 60 a 59 con comorbilidades. Estamos igual que las provincias que se analizan\u201d, destac\u00f3. &nbsp;<\/p>\n\n\n\n<p>Hasta el momento se ha inoculado a personal de Salud y docentes con dos dosis, personal de seguridad, un grupo tiene las dos dosis y&nbsp; se est\u00e1 por terminar con el otro grupo,&nbsp; adem\u00e1s est\u00e1n inoculadas personas transplantadas con fibrosisquistica y personas con discapacidad. \u201cMayores de 60 y con comorbilidad pueden haber quedado algunas personas que se inscribieron m\u00e1s tarde y que ser\u00e1n inoculados pr\u00f3ximamente\u201d, explic\u00f3 la funcionaria.<\/p>\n\n\n\n<p>De acuerdo a los c\u00e1lculos de la ministra de Salud \u201ccon nuevos env\u00edos estar\u00edamos terminando con el grupo de 18 a 59 con comorbilidades pero no queremos dar fecha porque contamos cuando llegan las dosis a la provincia\u201d, sostuvo Sonia Martorano.<\/p>\n\n\n\n<p><strong>Intensificar los cuidados<\/strong><br>\u201cRequerimos que todas las personas se cuiden, que no se socialice, que quienes deben trabajar lo realicen pero que luego vuelvan inmediatamente a sus casas porque estamos en un momento de alta ocupaci\u00f3n de camas\u201d, detall\u00f3 y fue m\u00e1s all\u00e1 al explicar que: \u201cHoy estas 8 camas que sumamos ya est\u00e1n completas con pacientes de alt\u00edsimo riesgo. Son 120 las camas que se incorporaron en la provincia, continuamos sumando m\u00e1s en Rafaela, Reconquista, Venado Tuerto y en Firmat, continuamos con ese refuerzo pero no es lo \u00fanico el aumento de camas, hay que bajar la tasa de contagios y eso esta en cada uno de nosotros. Hay que evitar que se siga transmitiendo el virus\u201d, concluy\u00f3.<br><\/p>\n\n\n\n<p><\/p>\n","protected":false},"excerpt":{"rendered":"<p>La ministra de Salud abri\u00f3 en Villa Gobernador G\u00e1lvez la Unidad de Terapia Intensiva con 8 plazas.\u00a0\u00a0 En el marco del plan de ampliaci\u00f3n de camas cr\u00edticas en los efectores provinciales, la ministra de Salud, Sonia Martorano, visit\u00f3 Villa Gobernador G\u00e1lvez, d\u00f3nde se abri\u00f3 una Unidad de Terapia Intensiva con 8 camas. \u201cEsto forma parte <a href=\"https:\/\/armstrongyregion.com.ar\/diario\/martorano-por-la-pandemia-incorporamos-128-camas-criticas-en-la-region-rosario\/\" title=\"Read more\" >&#8230;<\/a><\/p>\n","protected":false},"author":1,"featured_media":30431,"comment_status":"open","ping_status":"open","sticky":false,"template":"","format":"image","meta":{"_jetpack_memberships_contains_paid_content":false,"footnotes":"","jetpack_publicize_message":"","jetpack_publicize_feature_enabled":true,"jetpack_social_post_already_shared":true,"jetpack_social_options":{"image_generator_settings":{"template":"highway","default_image_id":0,"enabled":false},"version":2}},"categories":[8,1,2,7,3],"tags":[],"class_list":["post-30430","post","type-post","status-publish","format-image","has-post-thumbnail","hentry","category-deliberando","category-diario-armstrong","category-locales","category-politica","category-region","post_format-post-format-image"],"jetpack_publicize_connections":[],"jetpack_featured_media_url":"https:\/\/armstrongyregion.com.ar\/diario\/wp-content\/uploads\/2021\/06\/martorano-.jpg","jetpack_shortlink":"https:\/\/wp.me\/p62QDO-7UO","jetpack_sharing_enabled":true,"amp_enabled":true,"_links":{"self":[{"href":"https:\/\/armstrongyregion.com.ar\/diario\/wp-json\/wp\/v2\/posts\/30430","targetHints":{"allow":["GET"]}}],"collection":[{"href":"https:\/\/armstrongyregion.com.ar\/diario\/wp-json\/wp\/v2\/posts"}],"about":[{"href":"https:\/\/armstrongyregion.com.ar\/diario\/wp-json\/wp\/v2\/types\/post"}],"author":[{"embeddable":true,"href":"https:\/\/armstrongyregion.com.ar\/diario\/wp-json\/wp\/v2\/users\/1"}],"replies":[{"embeddable":true,"href":"https:\/\/armstrongyregion.com.ar\/diario\/wp-json\/wp\/v2\/comments?post=30430"}],"version-history":[{"count":1,"href":"https:\/\/armstrongyregion.com.ar\/diario\/wp-json\/wp\/v2\/posts\/30430\/revisions"}],"predecessor-version":[{"id":30432,"href":"https:\/\/armstrongyregion.com.ar\/diario\/wp-json\/wp\/v2\/posts\/30430\/revisions\/30432"}],"wp:featuredmedia":[{"embeddable":true,"href":"https:\/\/armstrongyregion.com.ar\/diario\/wp-json\/wp\/v2\/media\/30431"}],"wp:attachment":[{"href":"https:\/\/armstrongyregion.com.ar\/diario\/wp-json\/wp\/v2\/media?parent=30430"}],"wp:term":[{"taxonomy":"category","embeddable":true,"href":"https:\/\/armstrongyregion.com.ar\/diario\/wp-json\/wp\/v2\/categories?post=30430"},{"taxonomy":"post_tag","embeddable":true,"href":"https:\/\/armstrongyregion.com.ar\/diario\/wp-json\/wp\/v2\/tags?post=30430"}],"curies":[{"name":"wp","href":"https:\/\/api.w.org\/{rel}","templated":true}]}}