{"id":30415,"date":"2021-06-01T13:43:26","date_gmt":"2021-06-01T13:43:26","guid":{"rendered":"https:\/\/armstrongyregion.com.ar\/diario\/?p=30415"},"modified":"2021-06-01T13:43:28","modified_gmt":"2021-06-01T13:43:28","slug":"armstrong-transito-interrumpido-en-calle-irigoyen","status":"publish","type":"post","link":"https:\/\/armstrongyregion.com.ar\/diario\/armstrong-transito-interrumpido-en-calle-irigoyen\/","title":{"rendered":"Armstrong. Tr\u00e1nsito interrumpido en calle Irigoyen."},"content":{"rendered":"\n<figure class=\"wp-block-image size-large\"><img loading=\"lazy\" decoding=\"async\" width=\"343\" height=\"343\" src=\"http:\/\/armstrongyregion.com.ar\/diario\/wp-content\/uploads\/2021\/06\/transito_cortado_por_obras-1.jpg\" alt=\"\" class=\"wp-image-30416\" srcset=\"https:\/\/armstrongyregion.com.ar\/diario\/wp-content\/uploads\/2021\/06\/transito_cortado_por_obras-1.jpg 343w, https:\/\/armstrongyregion.com.ar\/diario\/wp-content\/uploads\/2021\/06\/transito_cortado_por_obras-1-300x300.jpg 300w, https:\/\/armstrongyregion.com.ar\/diario\/wp-content\/uploads\/2021\/06\/transito_cortado_por_obras-1-150x150.jpg 150w\" sizes=\"auto, (max-width: 343px) 100vw, 343px\" \/><\/figure>\n\n\n\n<p>\nLa Municipalidad de Armstrong a trav\u00e9s de la Secretar\u00eda de Obras\nP\u00fablicas informa que desde el d\u00eda 1 de junio de 2021 se encuentra\ninterrumpido el tr\u00e1nsito de calle Irigoyen entre Paraguay y\nCastellanos, por obras de mejorado. \n<\/p>\n\n\n\n<p>Se recomienda circular con\nprecauci\u00f3n por dicha zona.<\/p>\n\n\n\n<p>Desde ya muchas gracias y disculpas\npor las molestias ocasionadas. \n<\/p>\n","protected":false},"excerpt":{"rendered":"<p>La Municipalidad de Armstrong a trav\u00e9s de la Secretar\u00eda de Obras P\u00fablicas informa que desde el d\u00eda 1 de junio de 2021 se encuentra interrumpido el tr\u00e1nsito de calle Irigoyen entre Paraguay y Castellanos, por obras de mejorado. Se recomienda circular con precauci\u00f3n por dicha zona. Desde ya muchas gracias y disculpas por las molestias <a href=\"https:\/\/armstrongyregion.com.ar\/diario\/armstrong-transito-interrumpido-en-calle-irigoyen\/\" title=\"Read more\" >&#8230;<\/a><\/p>\n","protected":false},"author":1,"featured_media":30416,"comment_status":"open","ping_status":"open","sticky":false,"template":"","format":"image","meta":{"_jetpack_memberships_contains_paid_content":false,"footnotes":"","jetpack_publicize_message":"","jetpack_publicize_feature_enabled":true,"jetpack_social_post_already_shared":true,"jetpack_social_options":{"image_generator_settings":{"template":"highway","default_image_id":0,"enabled":false},"version":2}},"categories":[8,1,2,7],"tags":[],"class_list":["post-30415","post","type-post","status-publish","format-image","has-post-thumbnail","hentry","category-deliberando","category-diario-armstrong","category-locales","category-politica","post_format-post-format-image"],"jetpack_publicize_connections":[],"jetpack_featured_media_url":"https:\/\/armstrongyregion.com.ar\/diario\/wp-content\/uploads\/2021\/06\/transito_cortado_por_obras-1.jpg","jetpack_shortlink":"https:\/\/wp.me\/p62QDO-7Uz","jetpack_sharing_enabled":true,"amp_enabled":true,"_links":{"self":[{"href":"https:\/\/armstrongyregion.com.ar\/diario\/wp-json\/wp\/v2\/posts\/30415","targetHints":{"allow":["GET"]}}],"collection":[{"href":"https:\/\/armstrongyregion.com.ar\/diario\/wp-json\/wp\/v2\/posts"}],"about":[{"href":"https:\/\/armstrongyregion.com.ar\/diario\/wp-json\/wp\/v2\/types\/post"}],"author":[{"embeddable":true,"href":"https:\/\/armstrongyregion.com.ar\/diario\/wp-json\/wp\/v2\/users\/1"}],"replies":[{"embeddable":true,"href":"https:\/\/armstrongyregion.com.ar\/diario\/wp-json\/wp\/v2\/comments?post=30415"}],"version-history":[{"count":1,"href":"https:\/\/armstrongyregion.com.ar\/diario\/wp-json\/wp\/v2\/posts\/30415\/revisions"}],"predecessor-version":[{"id":30417,"href":"https:\/\/armstrongyregion.com.ar\/diario\/wp-json\/wp\/v2\/posts\/30415\/revisions\/30417"}],"wp:featuredmedia":[{"embeddable":true,"href":"https:\/\/armstrongyregion.com.ar\/diario\/wp-json\/wp\/v2\/media\/30416"}],"wp:attachment":[{"href":"https:\/\/armstrongyregion.com.ar\/diario\/wp-json\/wp\/v2\/media?parent=30415"}],"wp:term":[{"taxonomy":"category","embeddable":true,"href":"https:\/\/armstrongyregion.com.ar\/diario\/wp-json\/wp\/v2\/categories?post=30415"},{"taxonomy":"post_tag","embeddable":true,"href":"https:\/\/armstrongyregion.com.ar\/diario\/wp-json\/wp\/v2\/tags?post=30415"}],"curies":[{"name":"wp","href":"https:\/\/api.w.org\/{rel}","templated":true}]}}