{"id":30412,"date":"2021-06-01T02:01:34","date_gmt":"2021-06-01T02:01:34","guid":{"rendered":"https:\/\/armstrongyregion.com.ar\/diario\/?p=30412"},"modified":"2021-06-01T02:01:36","modified_gmt":"2021-06-01T02:01:36","slug":"covid-19-el-director-del-hospital-cullen-detallo-la-situacion-que-se-vive-respecto-a-la-ocupacion-de-camas","status":"publish","type":"post","link":"https:\/\/armstrongyregion.com.ar\/diario\/covid-19-el-director-del-hospital-cullen-detallo-la-situacion-que-se-vive-respecto-a-la-ocupacion-de-camas\/","title":{"rendered":"Covid 19: El director del Hospital Cullen detall\u00f3 la situaci\u00f3n que se vive respecto a la ocupaci\u00f3n de camas."},"content":{"rendered":"\n<figure class=\"wp-block-image size-large\"><img loading=\"lazy\" decoding=\"async\" width=\"570\" height=\"320\" src=\"http:\/\/armstrongyregion.com.ar\/diario\/wp-content\/uploads\/2021\/06\/unnamed-95.jpg\" alt=\"\" class=\"wp-image-30413\" srcset=\"https:\/\/armstrongyregion.com.ar\/diario\/wp-content\/uploads\/2021\/06\/unnamed-95.jpg 570w, https:\/\/armstrongyregion.com.ar\/diario\/wp-content\/uploads\/2021\/06\/unnamed-95-300x168.jpg 300w\" sizes=\"auto, (max-width: 570px) 100vw, 570px\" \/><\/figure>\n\n\n\n<h2 class=\"wp-block-heading\"> \u201cEl promedio de edad en terapia intensiva es de 49-50 a\u00f1os cuando en el 2020 era de 67 a\u00f1os\u201d, se\u00f1al\u00f3 Poletti. <\/h2>\n\n\n\n<p>\n\nEn el marco de la segunda ola de contagios de Coronavirus, el director del hospital Jos\u00e9 Mar\u00eda Cullen de Santa Fe evalu\u00f3 la situaci\u00f3n que vive el efector. Adem\u00e1s, insisti\u00f3 en la importancia de sostener los cuidados para evitar que se incrementen los contagios.<\/p>\n\n\n\n<p>\u201cEstamos pr\u00e1cticamente las 24 horas con un 100% de ocupaci\u00f3n pero con un cambio de un paciente a otro muy vertiginoso para poder brindar la atenci\u00f3n necesaria a cada persona que requiera una cama cr\u00edtica\u201d, continu\u00f3.<\/p>\n\n\n\n<p>Por otra parte, Poletti inform\u00f3 que \u201cen cuanto a sala general, estamos ante una situaci\u00f3n donde han aumentado los ingresos con un promedio de 20 a 25 personas. El promedio de edad en terapia intensiva es de 49-50 a\u00f1os cuando en el 2020 era de 67 a\u00f1os, mientras que en sala general estamos en un promedio similar\u201d.<br>&nbsp;<br>Del mismo modo, explic\u00f3 c\u00f3mo incidieron que \u201cpr\u00e1cticamente el 80% de los internados en la terapia intensiva son pacientes covid, mientras que del total del resto, el 10% son altas epidemiol\u00f3gicas covid, es decir que requiere seguir internado por las secuelas causadas por la enfermedad\u201d.<\/p>\n\n\n\n<p>\u201cSe abrieron dos nuevas salas covid, ya vamos por la s\u00e9ptima (Sala 2, 5, traumatolog\u00eda hombres, mujeres, neurocirug\u00eda, cirug\u00eda pl\u00e1stica y ginecolog\u00eda). El 70% del hospital, sala general, est\u00e1 dedicado al coronavirus y queda un 30% para otras patolog\u00edas, como las oncol\u00f3gicas, acv, urgencias\u201d, inform\u00f3 Juan Pablo Poletti.<\/p>\n\n\n\n<p>En cuanto al hospital de campa\u00f1a, el director del efector expres\u00f3 que \u201cfue sumamente necesario tenerlo. Hoy tenemos ocupadas 20 de 30 camas que nos permiten seguir recibiendo pacientes para que puedan ser atendidos en el caso de requerirlo. Una vez logrado el alta, los pacientes salen del hospital militar muy conformes, realmente es una sala mas del hospital y as\u00ed se est\u00e1 comportando\u201d.<\/p>\n\n\n\n<p><strong>AN\u00c1LISIS DE LAS RESTRICCIONES<\/strong><\/p>\n\n\n\n<p>Al ser consultado por las restricciones, el director del Cullen indic\u00f3 que \u201cen cuanto a lo inmediato, pudimos observar que bajaron dr\u00e1sticamente los ingresos policiales y por accidente de tr\u00e1nsito. Veremos en 10 d\u00edas si estas medidas logran bajar la cantidad de contagios que es a lo que apuntamos\u201d.<\/p>\n\n\n\n<p>Y adem\u00e1s se\u00f1al\u00f3 que \u201cqueremos agradecer a la poblaci\u00f3n el esfuerzo que est\u00e1 realizando, el acompa\u00f1amiento que estamos teniendo. Sabemos que estas medidas son realmente inc\u00f3modas, dolorosas desde lo econ\u00f3mico, pero ante un sistema sanitario tan al l\u00edmite como estamos, son sumamente necesarias\u201d.<\/p>\n\n\n\n<p>\u201cEn este momento, todos los hospitales ya nos hemos estirado al m\u00e1ximo, con el recurso humano trabajando al l\u00edmite y nosotros creemos que con estas medidas que se liberan nuevamente, tenemos que ser lo suficientemente responsables para que contin\u00faen\u201d, concluy\u00f3 Poletti.<\/p>\n","protected":false},"excerpt":{"rendered":"<p>\u201cEl promedio de edad en terapia intensiva es de 49-50 a\u00f1os cuando en el 2020 era de 67 a\u00f1os\u201d, se\u00f1al\u00f3 Poletti. En el marco de la segunda ola de contagios de Coronavirus, el director del hospital Jos\u00e9 Mar\u00eda Cullen de Santa Fe evalu\u00f3 la situaci\u00f3n que vive el efector. Adem\u00e1s, insisti\u00f3 en la importancia de <a href=\"https:\/\/armstrongyregion.com.ar\/diario\/covid-19-el-director-del-hospital-cullen-detallo-la-situacion-que-se-vive-respecto-a-la-ocupacion-de-camas\/\" title=\"Read more\" >&#8230;<\/a><\/p>\n","protected":false},"author":1,"featured_media":30413,"comment_status":"open","ping_status":"open","sticky":false,"template":"","format":"image","meta":{"_jetpack_memberships_contains_paid_content":false,"footnotes":"","jetpack_publicize_message":"","jetpack_publicize_feature_enabled":true,"jetpack_social_post_already_shared":true,"jetpack_social_options":{"image_generator_settings":{"template":"highway","default_image_id":0,"enabled":false},"version":2}},"categories":[8,1,2,7,3],"tags":[],"class_list":["post-30412","post","type-post","status-publish","format-image","has-post-thumbnail","hentry","category-deliberando","category-diario-armstrong","category-locales","category-politica","category-region","post_format-post-format-image"],"jetpack_publicize_connections":[],"jetpack_featured_media_url":"https:\/\/armstrongyregion.com.ar\/diario\/wp-content\/uploads\/2021\/06\/unnamed-95.jpg","jetpack_shortlink":"https:\/\/wp.me\/p62QDO-7Uw","jetpack_sharing_enabled":true,"amp_enabled":true,"_links":{"self":[{"href":"https:\/\/armstrongyregion.com.ar\/diario\/wp-json\/wp\/v2\/posts\/30412","targetHints":{"allow":["GET"]}}],"collection":[{"href":"https:\/\/armstrongyregion.com.ar\/diario\/wp-json\/wp\/v2\/posts"}],"about":[{"href":"https:\/\/armstrongyregion.com.ar\/diario\/wp-json\/wp\/v2\/types\/post"}],"author":[{"embeddable":true,"href":"https:\/\/armstrongyregion.com.ar\/diario\/wp-json\/wp\/v2\/users\/1"}],"replies":[{"embeddable":true,"href":"https:\/\/armstrongyregion.com.ar\/diario\/wp-json\/wp\/v2\/comments?post=30412"}],"version-history":[{"count":1,"href":"https:\/\/armstrongyregion.com.ar\/diario\/wp-json\/wp\/v2\/posts\/30412\/revisions"}],"predecessor-version":[{"id":30414,"href":"https:\/\/armstrongyregion.com.ar\/diario\/wp-json\/wp\/v2\/posts\/30412\/revisions\/30414"}],"wp:featuredmedia":[{"embeddable":true,"href":"https:\/\/armstrongyregion.com.ar\/diario\/wp-json\/wp\/v2\/media\/30413"}],"wp:attachment":[{"href":"https:\/\/armstrongyregion.com.ar\/diario\/wp-json\/wp\/v2\/media?parent=30412"}],"wp:term":[{"taxonomy":"category","embeddable":true,"href":"https:\/\/armstrongyregion.com.ar\/diario\/wp-json\/wp\/v2\/categories?post=30412"},{"taxonomy":"post_tag","embeddable":true,"href":"https:\/\/armstrongyregion.com.ar\/diario\/wp-json\/wp\/v2\/tags?post=30412"}],"curies":[{"name":"wp","href":"https:\/\/api.w.org\/{rel}","templated":true}]}}