{"id":30397,"date":"2021-05-29T16:55:16","date_gmt":"2021-05-29T16:55:16","guid":{"rendered":"https:\/\/armstrongyregion.com.ar\/diario\/?p=30397"},"modified":"2021-05-29T16:56:52","modified_gmt":"2021-05-29T16:56:52","slug":"canada-de-gomez-lunes-comienzan-a-vacunar-a-personas-con-discapacidad","status":"publish","type":"post","link":"https:\/\/armstrongyregion.com.ar\/diario\/canada-de-gomez-lunes-comienzan-a-vacunar-a-personas-con-discapacidad\/","title":{"rendered":"Ca\u00f1ada de G\u00f3mez. Lunes comienzan a vacunar a personas con discapacidad."},"content":{"rendered":"\n<figure class=\"wp-block-image size-large\"><img loading=\"lazy\" decoding=\"async\" width=\"750\" height=\"547\" src=\"http:\/\/armstrongyregion.com.ar\/diario\/wp-content\/uploads\/2019\/05\/vacunacion-antigripal.jpg\" alt=\"\" class=\"wp-image-21439\" srcset=\"https:\/\/armstrongyregion.com.ar\/diario\/wp-content\/uploads\/2019\/05\/vacunacion-antigripal.jpg 750w, https:\/\/armstrongyregion.com.ar\/diario\/wp-content\/uploads\/2019\/05\/vacunacion-antigripal-300x219.jpg 300w\" sizes=\"auto, (max-width: 750px) 100vw, 750px\" \/><\/figure>\n\n\n\n<p>Luego de gestiones de la intendenta Stella Cl\u00e9rici junto al director del Hospital San Jos\u00e9, Dr. Gonzalo Rodr\u00edguez, ante el Ministerio de Salud provincial, el lunes comenzar\u00e1 la aplicaci\u00f3n de primeras dosis a personas con discapacidad concurrentes a los Centros de D\u00eda Integrar, Centro de D\u00eda San Roque y Centro de Formaci\u00f3n Laboral San Roque.<\/p>\n\n\n\n<p>La vacunaci\u00f3n se realizar\u00e1 en el SUM del Parque Municipal, desde las 13 hs. conforme a los turnos ya asignados. &nbsp;<\/p>\n","protected":false},"excerpt":{"rendered":"<p>Luego de gestiones de la intendenta Stella Cl\u00e9rici junto al director del Hospital San Jos\u00e9, Dr. Gonzalo Rodr\u00edguez, ante el Ministerio de Salud provincial, el lunes comenzar\u00e1 la aplicaci\u00f3n de primeras dosis a personas con discapacidad concurrentes a los Centros de D\u00eda Integrar, Centro de D\u00eda San Roque y Centro de Formaci\u00f3n Laboral San Roque. <a href=\"https:\/\/armstrongyregion.com.ar\/diario\/canada-de-gomez-lunes-comienzan-a-vacunar-a-personas-con-discapacidad\/\" title=\"Read more\" >&#8230;<\/a><\/p>\n","protected":false},"author":1,"featured_media":21439,"comment_status":"open","ping_status":"open","sticky":false,"template":"","format":"image","meta":{"_jetpack_memberships_contains_paid_content":false,"footnotes":"","jetpack_publicize_message":"","jetpack_publicize_feature_enabled":true,"jetpack_social_post_already_shared":true,"jetpack_social_options":{"image_generator_settings":{"template":"highway","default_image_id":0,"enabled":false},"version":2}},"categories":[8,1,2,7,3],"tags":[],"class_list":["post-30397","post","type-post","status-publish","format-image","has-post-thumbnail","hentry","category-deliberando","category-diario-armstrong","category-locales","category-politica","category-region","post_format-post-format-image"],"jetpack_publicize_connections":[],"jetpack_featured_media_url":"https:\/\/armstrongyregion.com.ar\/diario\/wp-content\/uploads\/2019\/05\/vacunacion-antigripal.jpg","jetpack_shortlink":"https:\/\/wp.me\/p62QDO-7Uh","jetpack_sharing_enabled":true,"amp_enabled":true,"_links":{"self":[{"href":"https:\/\/armstrongyregion.com.ar\/diario\/wp-json\/wp\/v2\/posts\/30397","targetHints":{"allow":["GET"]}}],"collection":[{"href":"https:\/\/armstrongyregion.com.ar\/diario\/wp-json\/wp\/v2\/posts"}],"about":[{"href":"https:\/\/armstrongyregion.com.ar\/diario\/wp-json\/wp\/v2\/types\/post"}],"author":[{"embeddable":true,"href":"https:\/\/armstrongyregion.com.ar\/diario\/wp-json\/wp\/v2\/users\/1"}],"replies":[{"embeddable":true,"href":"https:\/\/armstrongyregion.com.ar\/diario\/wp-json\/wp\/v2\/comments?post=30397"}],"version-history":[{"count":2,"href":"https:\/\/armstrongyregion.com.ar\/diario\/wp-json\/wp\/v2\/posts\/30397\/revisions"}],"predecessor-version":[{"id":30399,"href":"https:\/\/armstrongyregion.com.ar\/diario\/wp-json\/wp\/v2\/posts\/30397\/revisions\/30399"}],"wp:featuredmedia":[{"embeddable":true,"href":"https:\/\/armstrongyregion.com.ar\/diario\/wp-json\/wp\/v2\/media\/21439"}],"wp:attachment":[{"href":"https:\/\/armstrongyregion.com.ar\/diario\/wp-json\/wp\/v2\/media?parent=30397"}],"wp:term":[{"taxonomy":"category","embeddable":true,"href":"https:\/\/armstrongyregion.com.ar\/diario\/wp-json\/wp\/v2\/categories?post=30397"},{"taxonomy":"post_tag","embeddable":true,"href":"https:\/\/armstrongyregion.com.ar\/diario\/wp-json\/wp\/v2\/tags?post=30397"}],"curies":[{"name":"wp","href":"https:\/\/api.w.org\/{rel}","templated":true}]}}