{"id":30394,"date":"2021-05-29T16:48:06","date_gmt":"2021-05-29T16:48:06","guid":{"rendered":"https:\/\/armstrongyregion.com.ar\/diario\/?p=30394"},"modified":"2021-05-29T16:48:08","modified_gmt":"2021-05-29T16:48:08","slug":"el-socialismo-se-mostro-unido-y-ratifico-su-pertenencia-al-frente-progresista-civico-y-social","status":"publish","type":"post","link":"https:\/\/armstrongyregion.com.ar\/diario\/el-socialismo-se-mostro-unido-y-ratifico-su-pertenencia-al-frente-progresista-civico-y-social\/","title":{"rendered":"El socialismo se mostr\u00f3 unido y ratific\u00f3 su pertenencia al Frente Progresista, C\u00edvico y Social."},"content":{"rendered":"\n<figure class=\"wp-block-image size-large\"><img loading=\"lazy\" decoding=\"async\" width=\"640\" height=\"360\" src=\"http:\/\/armstrongyregion.com.ar\/diario\/wp-content\/uploads\/2021\/05\/IMG-20210529-WA0002.jpg\" alt=\"\" class=\"wp-image-30395\" srcset=\"https:\/\/armstrongyregion.com.ar\/diario\/wp-content\/uploads\/2021\/05\/IMG-20210529-WA0002.jpg 640w, https:\/\/armstrongyregion.com.ar\/diario\/wp-content\/uploads\/2021\/05\/IMG-20210529-WA0002-300x169.jpg 300w\" sizes=\"auto, (max-width: 640px) 100vw, 640px\" \/><\/figure>\n\n\n\n<p> Con la participaci\u00f3n de 463 delegados, el Congreso provincial resolvi\u00f3 iniciar conversaciones con los otros partidos que integran el frente y buscar ampliar su composici\u00f3n en el marco de acuerdos program\u00e1ticos. Sentido homenaje a Miguel Lifschitz._<br>El Partido Socialista (PS) de Santa Fe dio muestras de fortaleza y unidad, y ratific\u00f3 su posici\u00f3n de consolidar y ampliar el Frente Progresista, C\u00edvico y Social (FPCyS) de cara a las elecciones de medio t\u00e9rmino, durante el XI Congreso Provincial Extraordinario que se desarroll\u00f3 este viernes de manera virtual con la participaci\u00f3n de m\u00e1s de 450 delegados y delegadas y m\u00e1s de 500 militantes.\u00a0<br>El encuentro del m\u00e1ximo \u00f3rgano partidario fue encabezado por el secretario General del socialismo santafesino, el diputado nacional Enrique Est\u00e9vez, y cont\u00f3 con la presencia de los intendentes de Santa Fe, Emilio Jat\u00f3n; de Villa Gobernador G\u00e1lvez, Alberto Ricci; de Pueblo Esther, Mart\u00edn Gherardi; de San Jos\u00e9 del Rinc\u00f3n, Silvio Gonz\u00e1lez; y de Recreo, Omar Colombo; el presidente de la C\u00e1mara de Diputadas y Diputados de Santa Fe, Pablo Far\u00edas; el exgobernador Antonio Bonfatti; las diputadas provinciales Clara Garc\u00eda, Claudia Balagu\u00e9, Erica Hynes, Lionella Cattalini, Gisel Mahmud, Rosana Bellatti, Mar\u00eda Laura Corgniali y Lorena Ulield\u00edn, los diputados Joaqu\u00edn Blanco, Jos\u00e9 Le\u00f3n Garibay, Esteban Lenci, Pablo Pinotti, y Nicol\u00e1s Aimar; los exministros Rub\u00e9n Galassi, Miguel Cappiello y Angel Sciara; Juan Carlos Zabalza; las concejalas de Rosario Ver\u00f3nica Irizar, M\u00f3nica Ferrero y Lorena Carbajal, y los ediles de Santa Fe, Laura Mondino y Paco Garibaldi, entre otros dirigentes de toda la provincia.\u00a0<br>Al iniciar el encuentro se realiz\u00f3 un emotivo y conmovedor homenaje a Miguel Lifschitz (ver aparte), fallecido el pasado 9 de mayo. En ese marco se lo nombr\u00f3 junto a Hermes Binner y Elida Rasino (quienes tambi\u00e9n murieron en el \u00faltimo a\u00f1o) como presidentes honorarios del Congreso. A continuaci\u00f3n, la m\u00e9dica epidemi\u00f3loga Anal\u00eda Chumpitaz fue designada para presidir las deliberaciones, en reconocimiento a las y los trabajadores de la salud que est\u00e1n poniendo el cuerpo denodadamente desde hace m\u00e1s de un a\u00f1o para atender las consecuencias de la pandemia y cuidar a la ciudadan\u00eda.\u00a0<br>\u201cEn este contexto de pandemia, donde atravesamos una crisis social, econ\u00f3mica y educativa sin precedentes, estamos convencidos que la mejor herramienta para llevar soluciones a la ciudadan\u00eda es seguir construyendo un frente progresista program\u00e1tico con los partidos pol\u00edticos y organizaciones sociales con los que venimos transitando el mismo camino desde hace d\u00e9cadas, y a la vez ampliar a m\u00e1s sectores que compartan los mismos objetivos y valores que encarnamos\u201d, coincidieron. \u201cDesde el dolor por la reciente p\u00e9rdida de Miguel, y la de Binner el a\u00f1o pasado, es que queremos honrar su legado con la firme convicci\u00f3n de seguir trabajando por un proyecto pol\u00edtico que lleve a la realidad los sue\u00f1os y las necesidades de cada santafesino y santafesina, como lo hicimos con los gobiernos provinciales desde 2007 a 2019\u201d, afirmaron.<br>En tanto, se destac\u00f3 la labor legislativa del socialismo, tanto en la C\u00e1mara de Diputados de la Naci\u00f3n como en la C\u00e1mara de Diputadas y Diputados de Santa Fe, que durante esta pandemia trabaj\u00f3 escuchando a todos los sectores afectados, presentando iniciativas y elaborando proyectos para atender las necesidades y las urgencias de las y los santafesinos.<br> Al momento de las definiciones, el Partido Socialista llam\u00f3 a \u201csembrar esperanzas en este 2021 y construir una alternativa progresista y humana para la provincia de Santa Fe\u201d. En este sentido, resolvi\u00f3 ratificar la integraci\u00f3n del FPCyS para las pr\u00f3ximas elecciones y abrir el di\u00e1logo con la Uni\u00f3n C\u00edvica Radical (UCR), el Partido Dem\u00f3crata Progresista (PDP), a Creo, al GEN, Libres del Sur, SI y Pares para seguir consolidando la herramienta electoral, pero tambi\u00e9n buscar su ampliaci\u00f3n, con la convocatoria a otros espacios afines y personas independientes con vocaci\u00f3n de transformar la realidad, dentro de acuerdos program\u00e1ticos. <br>*Al frente con convicci\u00f3n y coherencia*<br>A la hora de los discursos, el secretario General del PS, Enrique Est\u00e9vez, record\u00f3 que el socialismo hace 20 a\u00f1os que ratifica en los congresos su pertenencia al frente progresista y se\u00f1al\u00f3: \u201cTenemos la obligaci\u00f3n de poder dialogar con la voluntad de ponernos de acuerdo entre argentinos y argentinas para fortalecer la posibilidad de discutir los grandes cambios que tenemos que hacer en nuestro pa\u00eds\u201d.<br>\u201cEl Socialismo demostr\u00f3 que muchas cosas que parec\u00edan imposibles en nuestro pa\u00eds, son posibles. Sabemos gobernar, siempre con honestidad y humildad, y hemos transformado el Estado y la vida cotidiana de la gente\u201d, destac\u00f3 Est\u00e9vez, y dispar\u00f3: \u201cVamos a fortalecer una alternativa a este gobierno provincial actual que la mejor pol\u00edtica p\u00fablica que ofrece es un plazo fijo, y no hay nada m\u00e1s conservador en una pandemia que tener un plazo fijo\u201d.<br>Por su parte, la presidenta socialismo a nivel nacional, M\u00f3nica Fein, se\u00f1al\u00f3: \u201cEstamos atravesados por el dolor, pero el legado de Hermes, \u00c9lida y Miguel nos ilumina para decirles a las santafesinas y los santafesinos que hay un futuro y que estamos juntos. Pero la unidad requiere di\u00e1logo y requiere que nos escuchemos. El socialismo est\u00e1 dispuesto a construir una alternativa que les d\u00e9 esperanzas a los y las argentinas. Y Santa Fe es un ejemplo que miran desde el resto del pa\u00eds. Tenemos que decirles puede haber menos relato y m\u00e1s verdad; que vengan y vean los hospitales, las escuelas, los programas culturales, la participaci\u00f3n\u201d.\u00a0<br>\u201cQueremos construir una alternativa progresista para la Argentina y para eso vamos a hablar con todos y todas; no le tenemos miedo a dialogar porque tenemos claro nuestros valores. Ojal\u00e1 que este debate que hoy damos en Santa Fe se proyecte a todo el pa\u00eds, que generemos el di\u00e1logo necesario para conformar una alianza capaz de transformar la realidad\u201d, agreg\u00f3.<br>A su turno, Antonio Bonfatti, ex gobernador de Santa Fe, se\u00f1al\u00f3 que \u201cla unidad no debe ser solo declamativa y para eso hay que aceptar la diversidad, aceptar las diferencias, aprender a escucharnos. El partido debe recuperar su vida org\u00e1nica, el debate permanente, el ida y vuelta entre los centros socialistas y las autoridades partidarias, y promover la inserci\u00f3n en las instituciones y el di\u00e1logo con referentes de otros partidos, de los empresarios y sobre todo, de los trabajadores\u201d.<br>\u201cUn frente es una posibilidad de arribar a un gobierno, pero no podemos perder el norte\u201d, advirti\u00f3. \u201cSigamos en el Frente Progresista, fortalezcamos a los partidos que lo integran porque nadie sobra. Si alguno se quiere bajar de la planchada ser\u00e1 su decisi\u00f3n; si alguno se quiere subir, que sea con nuestros valores y proyectos, con lo que est\u00e1 plasmado en nuestros planes estrat\u00e9gicos, nuestros programas, nuestras leyes, nuestras gestiones\u201d, sostuvo.<br>Por su parte, el intendente de la ciudad de Santa Fe, Emilio Jat\u00f3n, expres\u00f3: \u201cHay que poner en acci\u00f3n el partido porque el momento as\u00ed lo necesita y porque tenemos mucho para dar. Somos un proyecto com\u00fan, de los valores colectivos de justicia, igualdad y transparencia\u201d. Y agreg\u00f3: \u201cTenemos que poner lo mejor de cada uno de nosotros, tenemos que caminar juntos; el desaf\u00edo es enorme\u201d; y parafraseando a Lifschitz, concluy\u00f3: \u201cHay que salir a la cancha con m\u00edstica, fuerza y unidad\u201d.<br>En tanto, el intendente de Villa Gobernador G\u00e1lvez, Alberto Ricci, record\u00f3 que lleg\u00f3 a la pol\u00edtica de la mano de Lifschitz, Binner y Bonfatti, que lo convocaron para trabajar por su ciudad. Y record\u00f3 a continuaci\u00f3n: \u201cVolvimos a ganar la ciudad m\u00e1s peronista de la provincia de Santa Fe con el 65% de los votos, y eso lo logramos trabajando, caminando la calle, con unidad, hablando con la gente. Es lo que tenemos que hacer para recuperar el mando de la provincia de Santa Fe\u201d. \u201cSigamos construyendo un Frente Progresista con unidad y con buenas personas\u201d, e inst\u00f3 a sumar a \u201cindependientes que quieren trabajar e involucrarse en la pol\u00edtica para mejorar las cosas y hacer una sociedad mucho mejor\u201d, finaliz\u00f3.<br>Este a\u00f1o se elegir\u00e1n en Santa Fe tres senadores y nueve diputados nacionales, y 14 intendencias, y renovar\u00e1n la mitad de los integrantes de los concejos municipales de 57 ciudades, y las comisiones de las 308 comunas.<br>*Homenaje a Miguel Lifschitz*<br>Al iniciar el Congreso, se realiz\u00f3 un emotivo y conmovedor homenaje a Miguel Lifschitz, quien falleci\u00f3 el pasado 9 de mayo, con un video que repas\u00f3 los \u00faltimos a\u00f1os de vida pol\u00edtica del exintendente de Rosario y exgobernador de Santa Fe. Al finalizar, su esposa, la diputada provincial Clara Garc\u00eda, agradeci\u00f3 el \u201cacompa\u00f1amiento y apoyo de tantos compa\u00f1eros y compa\u00f1eras en los momentos m\u00e1s dif\u00edciles. Hablar de Miguel es hablar de trabajo, de inauguraciones, de fiestas provinciales en pueblos y ciudades de toda la provincia. So\u00f1aba y nos empujaba a cumplir esos sue\u00f1os, a esforzarnos cada d\u00eda m\u00e1s y dejar de lado las cuestiones secundarias, a fortalecer el socialismo, en el camino de Hermes. Su \u00faltima actividad p\u00fablica fue junto a los compa\u00f1eros socialistas, el d\u00eda en que M\u00f3nica Fein fue elegida presidenta del PS, y para felicitarla por ser la primera mujer en ocupar ese lugar. Miguel es un puente hacia el futuro, un futuro diverso y en unidad\u201d.<br><\/p>\n","protected":false},"excerpt":{"rendered":"<p>Con la participaci\u00f3n de 463 delegados, el Congreso provincial resolvi\u00f3 iniciar conversaciones con los otros partidos que integran el frente y buscar ampliar su composici\u00f3n en el marco de acuerdos program\u00e1ticos. Sentido homenaje a Miguel Lifschitz._El Partido Socialista (PS) de Santa Fe dio muestras de fortaleza y unidad, y ratific\u00f3 su posici\u00f3n de consolidar y <a href=\"https:\/\/armstrongyregion.com.ar\/diario\/el-socialismo-se-mostro-unido-y-ratifico-su-pertenencia-al-frente-progresista-civico-y-social\/\" title=\"Read more\" >&#8230;<\/a><\/p>\n","protected":false},"author":1,"featured_media":30395,"comment_status":"open","ping_status":"open","sticky":false,"template":"","format":"image","meta":{"_jetpack_memberships_contains_paid_content":false,"footnotes":"","jetpack_publicize_message":"","jetpack_publicize_feature_enabled":true,"jetpack_social_post_already_shared":true,"jetpack_social_options":{"image_generator_settings":{"template":"highway","default_image_id":0,"enabled":false},"version":2}},"categories":[8,1,2,7,3],"tags":[],"class_list":["post-30394","post","type-post","status-publish","format-image","has-post-thumbnail","hentry","category-deliberando","category-diario-armstrong","category-locales","category-politica","category-region","post_format-post-format-image"],"jetpack_publicize_connections":[],"jetpack_featured_media_url":"https:\/\/armstrongyregion.com.ar\/diario\/wp-content\/uploads\/2021\/05\/IMG-20210529-WA0002.jpg","jetpack_shortlink":"https:\/\/wp.me\/p62QDO-7Ue","jetpack_sharing_enabled":true,"amp_enabled":true,"_links":{"self":[{"href":"https:\/\/armstrongyregion.com.ar\/diario\/wp-json\/wp\/v2\/posts\/30394","targetHints":{"allow":["GET"]}}],"collection":[{"href":"https:\/\/armstrongyregion.com.ar\/diario\/wp-json\/wp\/v2\/posts"}],"about":[{"href":"https:\/\/armstrongyregion.com.ar\/diario\/wp-json\/wp\/v2\/types\/post"}],"author":[{"embeddable":true,"href":"https:\/\/armstrongyregion.com.ar\/diario\/wp-json\/wp\/v2\/users\/1"}],"replies":[{"embeddable":true,"href":"https:\/\/armstrongyregion.com.ar\/diario\/wp-json\/wp\/v2\/comments?post=30394"}],"version-history":[{"count":1,"href":"https:\/\/armstrongyregion.com.ar\/diario\/wp-json\/wp\/v2\/posts\/30394\/revisions"}],"predecessor-version":[{"id":30396,"href":"https:\/\/armstrongyregion.com.ar\/diario\/wp-json\/wp\/v2\/posts\/30394\/revisions\/30396"}],"wp:featuredmedia":[{"embeddable":true,"href":"https:\/\/armstrongyregion.com.ar\/diario\/wp-json\/wp\/v2\/media\/30395"}],"wp:attachment":[{"href":"https:\/\/armstrongyregion.com.ar\/diario\/wp-json\/wp\/v2\/media?parent=30394"}],"wp:term":[{"taxonomy":"category","embeddable":true,"href":"https:\/\/armstrongyregion.com.ar\/diario\/wp-json\/wp\/v2\/categories?post=30394"},{"taxonomy":"post_tag","embeddable":true,"href":"https:\/\/armstrongyregion.com.ar\/diario\/wp-json\/wp\/v2\/tags?post=30394"}],"curies":[{"name":"wp","href":"https:\/\/api.w.org\/{rel}","templated":true}]}}