{"id":3034,"date":"2015-07-13T03:20:10","date_gmt":"2015-07-13T03:20:10","guid":{"rendered":"https:\/\/armstrongyregion.com.ar\/diario\/?p=3034"},"modified":"2015-07-13T03:20:10","modified_gmt":"2015-07-13T03:20:10","slug":"armstrong-un-auto-embistio-una-columna-de-alumbrado","status":"publish","type":"post","link":"https:\/\/armstrongyregion.com.ar\/diario\/armstrong-un-auto-embistio-una-columna-de-alumbrado\/","title":{"rendered":"Armstrong. Un auto embisti\u00f3 una columna de alumbrado."},"content":{"rendered":"<p><a href=\"http:\/\/armstrongyregion.com.ar\/diario\/wp-content\/uploads\/2015\/07\/IMG-20150712-WA0066.jpg\"><img loading=\"lazy\" decoding=\"async\" class=\"alignnone size-medium wp-image-3035\" src=\"http:\/\/armstrongyregion.com.ar\/diario\/wp-content\/uploads\/2015\/07\/IMG-20150712-WA0066-300x168.jpg\" alt=\"Accidente Armstrong\" width=\"300\" height=\"168\" srcset=\"https:\/\/armstrongyregion.com.ar\/diario\/wp-content\/uploads\/2015\/07\/IMG-20150712-WA0066-300x168.jpg 300w, https:\/\/armstrongyregion.com.ar\/diario\/wp-content\/uploads\/2015\/07\/IMG-20150712-WA0066-1024x575.jpg 1024w, https:\/\/armstrongyregion.com.ar\/diario\/wp-content\/uploads\/2015\/07\/IMG-20150712-WA0066.jpg 1296w\" sizes=\"auto, (max-width: 300px) 100vw, 300px\" \/><\/a>En la ma\u00f1ana del domingo, 12 de julio, aproximadamente a las 9hs am, un autom\u00f3vil Ford K embisti\u00f3 con violencia una columna de alumbrado p\u00fablico, que termin\u00f3 derrumbada en el piso. El accidente se produjo en calle P\u00edo Chiodi, frente al local del Concejo Municipal.<\/p>\n<p>En el autom\u00f3vil conducido por Ramiro Ragnini, de 22 a\u00f1os de edad, viajaba otro joven de 23 a\u00f1os cuyos datos no fueron suministrados. En el siniestro no habr\u00eda intervenido otro veh\u00edculo, y los j\u00f3venes que viajaban en el Ford K no recibieron lesiones.<\/p>\n<p>Informe, Jorge Tagina para Armstrong y Regi\u00f3n.<\/p>\n","protected":false},"excerpt":{"rendered":"<p>En la ma\u00f1ana del domingo, 12 de julio, aproximadamente a las 9hs am, un autom\u00f3vil Ford K embisti\u00f3 con violencia una columna de alumbrado p\u00fablico, que termin\u00f3 derrumbada en el piso. El accidente se produjo en calle P\u00edo Chiodi, frente al local del Concejo Municipal. En el autom\u00f3vil conducido por Ramiro Ragnini, de 22 a\u00f1os <a href=\"https:\/\/armstrongyregion.com.ar\/diario\/armstrong-un-auto-embistio-una-columna-de-alumbrado\/\" title=\"Read more\" >&#8230;<\/a><\/p>\n","protected":false},"author":2,"featured_media":3035,"comment_status":"open","ping_status":"open","sticky":false,"template":"","format":"standard","meta":{"_jetpack_memberships_contains_paid_content":false,"footnotes":"","jetpack_publicize_message":"","jetpack_publicize_feature_enabled":true,"jetpack_social_post_already_shared":false,"jetpack_social_options":{"image_generator_settings":{"template":"highway","default_image_id":0,"enabled":false},"version":2}},"categories":[1,2],"tags":[2243,20,193,2242,19,2241,192,103],"class_list":["post-3034","post","type-post","status-publish","format-standard","has-post-thumbnail","hentry","category-diario-armstrong","category-locales","tag-alumbrado","tag-armstrong","tag-auto","tag-columna","tag-de","tag-embistio","tag-un","tag-una"],"jetpack_publicize_connections":[],"jetpack_featured_media_url":"https:\/\/armstrongyregion.com.ar\/diario\/wp-content\/uploads\/2015\/07\/IMG-20150712-WA0066.jpg","jetpack_shortlink":"https:\/\/wp.me\/p62QDO-MW","jetpack_sharing_enabled":true,"amp_enabled":true,"_links":{"self":[{"href":"https:\/\/armstrongyregion.com.ar\/diario\/wp-json\/wp\/v2\/posts\/3034","targetHints":{"allow":["GET"]}}],"collection":[{"href":"https:\/\/armstrongyregion.com.ar\/diario\/wp-json\/wp\/v2\/posts"}],"about":[{"href":"https:\/\/armstrongyregion.com.ar\/diario\/wp-json\/wp\/v2\/types\/post"}],"author":[{"embeddable":true,"href":"https:\/\/armstrongyregion.com.ar\/diario\/wp-json\/wp\/v2\/users\/2"}],"replies":[{"embeddable":true,"href":"https:\/\/armstrongyregion.com.ar\/diario\/wp-json\/wp\/v2\/comments?post=3034"}],"version-history":[{"count":0,"href":"https:\/\/armstrongyregion.com.ar\/diario\/wp-json\/wp\/v2\/posts\/3034\/revisions"}],"wp:featuredmedia":[{"embeddable":true,"href":"https:\/\/armstrongyregion.com.ar\/diario\/wp-json\/wp\/v2\/media\/3035"}],"wp:attachment":[{"href":"https:\/\/armstrongyregion.com.ar\/diario\/wp-json\/wp\/v2\/media?parent=3034"}],"wp:term":[{"taxonomy":"category","embeddable":true,"href":"https:\/\/armstrongyregion.com.ar\/diario\/wp-json\/wp\/v2\/categories?post=3034"},{"taxonomy":"post_tag","embeddable":true,"href":"https:\/\/armstrongyregion.com.ar\/diario\/wp-json\/wp\/v2\/tags?post=3034"}],"curies":[{"name":"wp","href":"https:\/\/api.w.org\/{rel}","templated":true}]}}